{"id":157,"date":"2020-07-20T18:52:18","date_gmt":"2020-07-20T18:52:18","guid":{"rendered":"http:\/\/alejand7-cp5020.wordpresstemporal.com\/miriamesteve.com\/?p=157"},"modified":"2020-12-15T13:34:12","modified_gmt":"2020-12-15T13:34:12","slug":"podcast-me","status":"publish","type":"post","link":"http:\/\/alejand7-cp5020.wordpresstemporal.com\/miriamesteve.com\/podcast-me\/","title":{"rendered":"Qu\u00e9 me hizo crear el podcast ME Motiva"},"content":{"rendered":"\n<p>Escucha el el primer cap\u00edtulo del podcast que me ha pasado en estos \u00faltimos a\u00f1os, que me ha hecho empezar el podcast ME Motiva.<\/p>\n\n\n\n<p>Hace m\u00e1s de 12 a\u00f1os decid\u00ed tomar las riendas de mi vida y cambiar lo que no me gustaba. Descubr\u00ed que con foco, ganas y trabajo nada es imposible<\/p>\n\n\n\n<p>En este primer cap\u00edtulo escuchar\u00e1s mi historia de crecimiento personal, superacion y acci\u00f3n. Y tambi\u00e9n un breve resumen de lo que te encontrar\u00e1s en este podcast.<\/p>\n\n\n\n<p>Puedes escucharme y seguirme en cualquiera de las plataformas de podcast: ivoox, apple podcast, podimo, google podcast, spotify y Youtube.<\/p>\n\n\n\n<p><\/p>\n\n\n\n<iframe id=\"audio_49162342\" frameborder=\"0\" allowfullscreen=\"\" scrolling=\"no\" height=\"200\" src=\"https:\/\/www.ivoox.com\/player_ej_49162342_4_1.html?c1=00af9a\" style=\"border:1px solid #EEE; box-sizing:border-box; width:100%;\"><\/iframe>\n","protected":false},"excerpt":{"rendered":"<p>Escucha el el primer cap\u00edtulo del podcast que me ha pasado en estos \u00faltimos a\u00f1os, que me ha hecho empezar el podcast ME Motiva. Hace m\u00e1s de 12 a\u00f1os decid\u00ed tomar las riendas de mi vida y cambiar lo que no me gustaba. Descubr\u00ed que con foco, ganas y trabajo nada es imposible En este&hellip;<\/p>\n","protected":false},"author":2,"featured_media":358,"comment_status":"open","ping_status":"open","sticky":false,"template":"","format":"standard","meta":{"footnotes":""},"categories":[10],"tags":[12,14],"class_list":["post-157","post","type-post","status-publish","format-standard","has-post-thumbnail","hentry","category-podcast","tag-crecimiento","tag-lo-que-me-motiva"],"yoast_head":"<!-- This site is optimized with the Yoast SEO plugin v26.9 - https:\/\/yoast.com\/product\/yoast-seo-wordpress\/ -->\n<title>Qu\u00e9 me hizo crear el podcast ME Motiva - Miriam Esteve<\/title>\n<meta name=\"description\" content=\"El podcast ME Motiva nace de mi experiencia durante m\u00e1s de 12 a\u00f1os, desde que descubr\u00ed que con foco, ganas y trabajo nada es imposible. \u00bfMe acompa\u00f1as?\" \/>\n<meta name=\"robots\" content=\"index, follow, max-snippet:-1, max-image-preview:large, max-video-preview:-1\" \/>\n<link rel=\"canonical\" href=\"https:\/\/miriamesteve.com\/podcast-me\/\" \/>\n<meta property=\"og:locale\" content=\"es_ES\" \/>\n<meta property=\"og:type\" content=\"article\" \/>\n<meta property=\"og:title\" content=\"Qu\u00e9 me hizo crear el podcast ME Motiva - Miriam Esteve\" \/>\n<meta property=\"og:description\" content=\"El podcast ME Motiva nace de mi experiencia durante m\u00e1s de 12 a\u00f1os, desde que descubr\u00ed que con foco, ganas y trabajo nada es imposible. \u00bfMe acompa\u00f1as?\" \/>\n<meta property=\"og:url\" content=\"https:\/\/miriamesteve.com\/podcast-me\/\" \/>\n<meta property=\"og:site_name\" content=\"Miriam Esteve\" \/>\n<meta property=\"article:published_time\" content=\"2020-07-20T18:52:18+00:00\" \/>\n<meta property=\"article:modified_time\" content=\"2020-12-15T13:34:12+00:00\" \/>\n<meta property=\"og:image\" content=\"https:\/\/miriamesteve.com\/wp-content\/uploads\/2020\/07\/podcast-ppal-min.jpg\" \/>\n\t<meta property=\"og:image:width\" content=\"450\" \/>\n\t<meta property=\"og:image:height\" content=\"450\" \/>\n\t<meta property=\"og:image:type\" content=\"image\/jpeg\" \/>\n<meta name=\"author\" content=\"Miriam Esteve\" \/>\n<meta name=\"twitter:card\" content=\"summary_large_image\" \/>\n<meta name=\"twitter:label1\" content=\"Escrito por\" \/>\n\t<meta name=\"twitter:data1\" content=\"Miriam Esteve\" \/>\n\t<meta name=\"twitter:label2\" content=\"Tiempo de lectura\" \/>\n\t<meta name=\"twitter:data2\" content=\"1 minuto\" \/>\n<script type=\"application\/ld+json\" class=\"yoast-schema-graph\">{\"@context\":\"https:\/\/schema.org\",\"@graph\":[{\"@type\":\"Article\",\"@id\":\"https:\/\/miriamesteve.com\/podcast-me\/#article\",\"isPartOf\":{\"@id\":\"https:\/\/miriamesteve.com\/podcast-me\/\"},\"author\":{\"name\":\"Miriam Esteve\",\"@id\":\"https:\/\/miriamesteve.com\/#\/schema\/person\/9ed09affca396e4c796bdc9911343b16\"},\"headline\":\"Qu\u00e9 me hizo crear el podcast ME Motiva\",\"datePublished\":\"2020-07-20T18:52:18+00:00\",\"dateModified\":\"2020-12-15T13:34:12+00:00\",\"mainEntityOfPage\":{\"@id\":\"https:\/\/miriamesteve.com\/podcast-me\/\"},\"wordCount\":115,\"commentCount\":0,\"publisher\":{\"@id\":\"https:\/\/miriamesteve.com\/#organization\"},\"image\":{\"@id\":\"https:\/\/miriamesteve.com\/podcast-me\/#primaryimage\"},\"thumbnailUrl\":\"http:\/\/alejand7-cp5020.wordpresstemporal.com\/miriamesteve.com\/wp-content\/uploads\/2020\/07\/podcast-ppal-min.jpg\",\"keywords\":[\"Crecimiento\",\"Lo que me motiva\"],\"articleSection\":[\"Podcast\"],\"inLanguage\":\"es\",\"potentialAction\":[{\"@type\":\"CommentAction\",\"name\":\"Comment\",\"target\":[\"https:\/\/miriamesteve.com\/podcast-me\/#respond\"]}]},{\"@type\":\"WebPage\",\"@id\":\"https:\/\/miriamesteve.com\/podcast-me\/\",\"url\":\"https:\/\/miriamesteve.com\/podcast-me\/\",\"name\":\"Qu\u00e9 me hizo crear el podcast ME Motiva - Miriam Esteve\",\"isPartOf\":{\"@id\":\"https:\/\/miriamesteve.com\/#website\"},\"primaryImageOfPage\":{\"@id\":\"https:\/\/miriamesteve.com\/podcast-me\/#primaryimage\"},\"image\":{\"@id\":\"https:\/\/miriamesteve.com\/podcast-me\/#primaryimage\"},\"thumbnailUrl\":\"http:\/\/alejand7-cp5020.wordpresstemporal.com\/miriamesteve.com\/wp-content\/uploads\/2020\/07\/podcast-ppal-min.jpg\",\"datePublished\":\"2020-07-20T18:52:18+00:00\",\"dateModified\":\"2020-12-15T13:34:12+00:00\",\"description\":\"El podcast ME Motiva nace de mi experiencia durante m\u00e1s de 12 a\u00f1os, desde que descubr\u00ed que con foco, ganas y trabajo nada es imposible. \u00bfMe acompa\u00f1as?\",\"breadcrumb\":{\"@id\":\"https:\/\/miriamesteve.com\/podcast-me\/#breadcrumb\"},\"inLanguage\":\"es\",\"potentialAction\":[{\"@type\":\"ReadAction\",\"target\":[\"https:\/\/miriamesteve.com\/podcast-me\/\"]}]},{\"@type\":\"ImageObject\",\"inLanguage\":\"es\",\"@id\":\"https:\/\/miriamesteve.com\/podcast-me\/#primaryimage\",\"url\":\"http:\/\/alejand7-cp5020.wordpresstemporal.com\/miriamesteve.com\/wp-content\/uploads\/2020\/07\/podcast-ppal-min.jpg\",\"contentUrl\":\"http:\/\/alejand7-cp5020.wordpresstemporal.com\/miriamesteve.com\/wp-content\/uploads\/2020\/07\/podcast-ppal-min.jpg\",\"width\":450,\"height\":450,\"caption\":\"sobre mi\"},{\"@type\":\"BreadcrumbList\",\"@id\":\"https:\/\/miriamesteve.com\/podcast-me\/#breadcrumb\",\"itemListElement\":[{\"@type\":\"ListItem\",\"position\":1,\"name\":\"Portada\",\"item\":\"https:\/\/miriamesteve.com\/\"},{\"@type\":\"ListItem\",\"position\":2,\"name\":\"Qu\u00e9 me hizo crear el podcast ME Motiva\"}]},{\"@type\":\"WebSite\",\"@id\":\"https:\/\/miriamesteve.com\/#website\",\"url\":\"https:\/\/miriamesteve.com\/\",\"name\":\"Miriam Esteve\",\"description\":\"Creatividad,motivaci\u00f3n y productividad\",\"publisher\":{\"@id\":\"https:\/\/miriamesteve.com\/#organization\"},\"potentialAction\":[{\"@type\":\"SearchAction\",\"target\":{\"@type\":\"EntryPoint\",\"urlTemplate\":\"https:\/\/miriamesteve.com\/?s={search_term_string}\"},\"query-input\":{\"@type\":\"PropertyValueSpecification\",\"valueRequired\":true,\"valueName\":\"search_term_string\"}}],\"inLanguage\":\"es\"},{\"@type\":\"Organization\",\"@id\":\"https:\/\/miriamesteve.com\/#organization\",\"name\":\"Miriam Esteve\",\"url\":\"https:\/\/miriamesteve.com\/\",\"logo\":{\"@type\":\"ImageObject\",\"inLanguage\":\"es\",\"@id\":\"https:\/\/miriamesteve.com\/#\/schema\/logo\/image\/\",\"url\":\"http:\/\/alejand7-cp5020.wordpresstemporal.com\/miriamesteve.com\/wp-content\/uploads\/2020\/07\/cropped-favico_logo_miriam-2-1.png\",\"contentUrl\":\"http:\/\/alejand7-cp5020.wordpresstemporal.com\/miriamesteve.com\/wp-content\/uploads\/2020\/07\/cropped-favico_logo_miriam-2-1.png\",\"width\":32,\"height\":32,\"caption\":\"Miriam Esteve\"},\"image\":{\"@id\":\"https:\/\/miriamesteve.com\/#\/schema\/logo\/image\/\"}},{\"@type\":\"Person\",\"@id\":\"https:\/\/miriamesteve.com\/#\/schema\/person\/9ed09affca396e4c796bdc9911343b16\",\"name\":\"Miriam Esteve\",\"image\":{\"@type\":\"ImageObject\",\"inLanguage\":\"es\",\"@id\":\"https:\/\/miriamesteve.com\/#\/schema\/person\/image\/\",\"url\":\"https:\/\/secure.gravatar.com\/avatar\/c033b994b71ab1d40bb01f4e92c926e6fe3753c2999e62ff3f5659f62c17bd6a?s=96&d=mm&r=g\",\"contentUrl\":\"https:\/\/secure.gravatar.com\/avatar\/c033b994b71ab1d40bb01f4e92c926e6fe3753c2999e62ff3f5659f62c17bd6a?s=96&d=mm&r=g\",\"caption\":\"Miriam Esteve\"},\"url\":\"http:\/\/alejand7-cp5020.wordpresstemporal.com\/miriamesteve.com\/author\/miriam\/\"}]}<\/script>\n<!-- \/ Yoast SEO plugin. -->","yoast_head_json":{"title":"Qu\u00e9 me hizo crear el podcast ME Motiva - Miriam Esteve","description":"El podcast ME Motiva nace de mi experiencia durante m\u00e1s de 12 a\u00f1os, desde que descubr\u00ed que con foco, ganas y trabajo nada es imposible. \u00bfMe acompa\u00f1as?","robots":{"index":"index","follow":"follow","max-snippet":"max-snippet:-1","max-image-preview":"max-image-preview:large","max-video-preview":"max-video-preview:-1"},"canonical":"https:\/\/miriamesteve.com\/podcast-me\/","og_locale":"es_ES","og_type":"article","og_title":"Qu\u00e9 me hizo crear el podcast ME Motiva - Miriam Esteve","og_description":"El podcast ME Motiva nace de mi experiencia durante m\u00e1s de 12 a\u00f1os, desde que descubr\u00ed que con foco, ganas y trabajo nada es imposible. \u00bfMe acompa\u00f1as?","og_url":"https:\/\/miriamesteve.com\/podcast-me\/","og_site_name":"Miriam Esteve","article_published_time":"2020-07-20T18:52:18+00:00","article_modified_time":"2020-12-15T13:34:12+00:00","og_image":[{"width":450,"height":450,"url":"https:\/\/miriamesteve.com\/wp-content\/uploads\/2020\/07\/podcast-ppal-min.jpg","type":"image\/jpeg"}],"author":"Miriam Esteve","twitter_card":"summary_large_image","twitter_misc":{"Escrito por":"Miriam Esteve","Tiempo de lectura":"1 minuto"},"schema":{"@context":"https:\/\/schema.org","@graph":[{"@type":"Article","@id":"https:\/\/miriamesteve.com\/podcast-me\/#article","isPartOf":{"@id":"https:\/\/miriamesteve.com\/podcast-me\/"},"author":{"name":"Miriam Esteve","@id":"https:\/\/miriamesteve.com\/#\/schema\/person\/9ed09affca396e4c796bdc9911343b16"},"headline":"Qu\u00e9 me hizo crear el podcast ME Motiva","datePublished":"2020-07-20T18:52:18+00:00","dateModified":"2020-12-15T13:34:12+00:00","mainEntityOfPage":{"@id":"https:\/\/miriamesteve.com\/podcast-me\/"},"wordCount":115,"commentCount":0,"publisher":{"@id":"https:\/\/miriamesteve.com\/#organization"},"image":{"@id":"https:\/\/miriamesteve.com\/podcast-me\/#primaryimage"},"thumbnailUrl":"http:\/\/alejand7-cp5020.wordpresstemporal.com\/miriamesteve.com\/wp-content\/uploads\/2020\/07\/podcast-ppal-min.jpg","keywords":["Crecimiento","Lo que me motiva"],"articleSection":["Podcast"],"inLanguage":"es","potentialAction":[{"@type":"CommentAction","name":"Comment","target":["https:\/\/miriamesteve.com\/podcast-me\/#respond"]}]},{"@type":"WebPage","@id":"https:\/\/miriamesteve.com\/podcast-me\/","url":"https:\/\/miriamesteve.com\/podcast-me\/","name":"Qu\u00e9 me hizo crear el podcast ME Motiva - Miriam Esteve","isPartOf":{"@id":"https:\/\/miriamesteve.com\/#website"},"primaryImageOfPage":{"@id":"https:\/\/miriamesteve.com\/podcast-me\/#primaryimage"},"image":{"@id":"https:\/\/miriamesteve.com\/podcast-me\/#primaryimage"},"thumbnailUrl":"http:\/\/alejand7-cp5020.wordpresstemporal.com\/miriamesteve.com\/wp-content\/uploads\/2020\/07\/podcast-ppal-min.jpg","datePublished":"2020-07-20T18:52:18+00:00","dateModified":"2020-12-15T13:34:12+00:00","description":"El podcast ME Motiva nace de mi experiencia durante m\u00e1s de 12 a\u00f1os, desde que descubr\u00ed que con foco, ganas y trabajo nada es imposible. \u00bfMe acompa\u00f1as?","breadcrumb":{"@id":"https:\/\/miriamesteve.com\/podcast-me\/#breadcrumb"},"inLanguage":"es","potentialAction":[{"@type":"ReadAction","target":["https:\/\/miriamesteve.com\/podcast-me\/"]}]},{"@type":"ImageObject","inLanguage":"es","@id":"https:\/\/miriamesteve.com\/podcast-me\/#primaryimage","url":"http:\/\/alejand7-cp5020.wordpresstemporal.com\/miriamesteve.com\/wp-content\/uploads\/2020\/07\/podcast-ppal-min.jpg","contentUrl":"http:\/\/alejand7-cp5020.wordpresstemporal.com\/miriamesteve.com\/wp-content\/uploads\/2020\/07\/podcast-ppal-min.jpg","width":450,"height":450,"caption":"sobre mi"},{"@type":"BreadcrumbList","@id":"https:\/\/miriamesteve.com\/podcast-me\/#breadcrumb","itemListElement":[{"@type":"ListItem","position":1,"name":"Portada","item":"https:\/\/miriamesteve.com\/"},{"@type":"ListItem","position":2,"name":"Qu\u00e9 me hizo crear el podcast ME Motiva"}]},{"@type":"WebSite","@id":"https:\/\/miriamesteve.com\/#website","url":"https:\/\/miriamesteve.com\/","name":"Miriam Esteve","description":"Creatividad,motivaci\u00f3n y productividad","publisher":{"@id":"https:\/\/miriamesteve.com\/#organization"},"potentialAction":[{"@type":"SearchAction","target":{"@type":"EntryPoint","urlTemplate":"https:\/\/miriamesteve.com\/?s={search_term_string}"},"query-input":{"@type":"PropertyValueSpecification","valueRequired":true,"valueName":"search_term_string"}}],"inLanguage":"es"},{"@type":"Organization","@id":"https:\/\/miriamesteve.com\/#organization","name":"Miriam Esteve","url":"https:\/\/miriamesteve.com\/","logo":{"@type":"ImageObject","inLanguage":"es","@id":"https:\/\/miriamesteve.com\/#\/schema\/logo\/image\/","url":"http:\/\/alejand7-cp5020.wordpresstemporal.com\/miriamesteve.com\/wp-content\/uploads\/2020\/07\/cropped-favico_logo_miriam-2-1.png","contentUrl":"http:\/\/alejand7-cp5020.wordpresstemporal.com\/miriamesteve.com\/wp-content\/uploads\/2020\/07\/cropped-favico_logo_miriam-2-1.png","width":32,"height":32,"caption":"Miriam Esteve"},"image":{"@id":"https:\/\/miriamesteve.com\/#\/schema\/logo\/image\/"}},{"@type":"Person","@id":"https:\/\/miriamesteve.com\/#\/schema\/person\/9ed09affca396e4c796bdc9911343b16","name":"Miriam Esteve","image":{"@type":"ImageObject","inLanguage":"es","@id":"https:\/\/miriamesteve.com\/#\/schema\/person\/image\/","url":"https:\/\/secure.gravatar.com\/avatar\/c033b994b71ab1d40bb01f4e92c926e6fe3753c2999e62ff3f5659f62c17bd6a?s=96&d=mm&r=g","contentUrl":"https:\/\/secure.gravatar.com\/avatar\/c033b994b71ab1d40bb01f4e92c926e6fe3753c2999e62ff3f5659f62c17bd6a?s=96&d=mm&r=g","caption":"Miriam Esteve"},"url":"http:\/\/alejand7-cp5020.wordpresstemporal.com\/miriamesteve.com\/author\/miriam\/"}]}},"_links":{"self":[{"href":"http:\/\/alejand7-cp5020.wordpresstemporal.com\/miriamesteve.com\/wp-json\/wp\/v2\/posts\/157","targetHints":{"allow":["GET"]}}],"collection":[{"href":"http:\/\/alejand7-cp5020.wordpresstemporal.com\/miriamesteve.com\/wp-json\/wp\/v2\/posts"}],"about":[{"href":"http:\/\/alejand7-cp5020.wordpresstemporal.com\/miriamesteve.com\/wp-json\/wp\/v2\/types\/post"}],"author":[{"embeddable":true,"href":"http:\/\/alejand7-cp5020.wordpresstemporal.com\/miriamesteve.com\/wp-json\/wp\/v2\/users\/2"}],"replies":[{"embeddable":true,"href":"http:\/\/alejand7-cp5020.wordpresstemporal.com\/miriamesteve.com\/wp-json\/wp\/v2\/comments?post=157"}],"version-history":[{"count":12,"href":"http:\/\/alejand7-cp5020.wordpresstemporal.com\/miriamesteve.com\/wp-json\/wp\/v2\/posts\/157\/revisions"}],"predecessor-version":[{"id":750,"href":"http:\/\/alejand7-cp5020.wordpresstemporal.com\/miriamesteve.com\/wp-json\/wp\/v2\/posts\/157\/revisions\/750"}],"wp:featuredmedia":[{"embeddable":true,"href":"http:\/\/alejand7-cp5020.wordpresstemporal.com\/miriamesteve.com\/wp-json\/wp\/v2\/media\/358"}],"wp:attachment":[{"href":"http:\/\/alejand7-cp5020.wordpresstemporal.com\/miriamesteve.com\/wp-json\/wp\/v2\/media?parent=157"}],"wp:term":[{"taxonomy":"category","embeddable":true,"href":"http:\/\/alejand7-cp5020.wordpresstemporal.com\/miriamesteve.com\/wp-json\/wp\/v2\/categories?post=157"},{"taxonomy":"post_tag","embeddable":true,"href":"http:\/\/alejand7-cp5020.wordpresstemporal.com\/miriamesteve.com\/wp-json\/wp\/v2\/tags?post=157"}],"curies":[{"name":"wp","href":"https:\/\/api.w.org\/{rel}","templated":true}]}}