{"id":1185,"date":"2024-05-04T19:34:26","date_gmt":"2024-05-04T19:34:26","guid":{"rendered":"https:\/\/miriamesteve.com\/?p=1185"},"modified":"2024-05-04T19:34:27","modified_gmt":"2024-05-04T19:34:27","slug":"tzolkin-basico","status":"publish","type":"post","link":"http:\/\/alejand7-cp5020.wordpresstemporal.com\/miriamesteve.com\/tzolkin-basico\/","title":{"rendered":"#47 \u2013 \u00bfQu\u00e9 es el Tzolkin? b\u00e1sicos del calendario maya con @SentidoMaya"},"content":{"rendered":"\n<h2 class=\"wp-block-heading\"><strong><strong>Explorando qu\u00e9 es el Tzolkin: El Calendario Maya y sus Misterios<\/strong><\/strong><\/h2>\n\n\n\n<p>Llevava tiempo viendo por aqu\u00ed y all\u00e1 alguna publicaci\u00f3n o informaci\u00f3n del Tzolkin. \u00bfqu\u00e9 es esto del tzolkin? &#8211; me preguntaba cada vez.<\/p>\n\n\n\n<p>Las casualidades no existen, y una vieja amiga y vecina de la infancia, Georgina Cruz, me contact\u00f3 por facebook. Acabamos hablando de brujer\u00edas y me cont\u00f3 que ella trabajaba con esta herramienta. <\/p>\n\n\n\n<p>Tras preguntarle durante d\u00edas qu\u00e9 era ex\u00e1ctamente esto de la tradici\u00f3n ancestral del Tzolkin, no dud\u00e9 en invitarla al podacast para que todos pudieramos saber un poco m\u00e1s sobre este sistema de tiempo fascinante y misterioso. Originario de la civilizaci\u00f3n Maya, este calendario ofrece una ventana \u00fanica hacia la cosmovisi\u00f3n de esta antigua cultura. <\/p>\n\n\n\n<p>En este art\u00edculo y podcast, exploraremos los fundamentos del Tzolkin, sus caracter\u00edsticas b\u00e1sicas y su relevancia en el mundo moderno, bas\u00e1ndonos en la sabidur\u00eda compartida por Georgina C. de <a href=\"https:\/\/www.instagram.com\/sentido_maya\/\">@sentido_maya<\/a>.<\/p>\n\n\n\n<h2 class=\"wp-block-heading\"><strong>\u00bfQu\u00e9 es el Tzolkin?<\/strong><\/h2>\n\n\n\n<p>El Tzolkin es un calendario o sincronario de 260 d\u00edas utilizado por los antiguos mayas para marcar eventos importantes en la vida, la agricultura y la espiritualidad. A diferencia del calendario gregoriano, que sigue un ciclo solar, el Tzolkin se basa en una combinaci\u00f3n de 13 n\u00fameros y 20 s\u00edmbolos llamados \u00abd\u00edas\u00bb o \u00absellos\u00bb, que se repiten en un ciclo continuo.<\/p>\n\n\n\n<h2 class=\"wp-block-heading\"><strong>Caracter\u00edsticas b\u00e1sicas del Tzolkin<\/strong><\/h2>\n\n\n\n<ol class=\"wp-block-list\"><li><strong>Ciclo de 260 d\u00edas:<\/strong> El Tzolkin est\u00e1 compuesto por 13 ciclos de 20 d\u00edas cada uno. (sincronario)<\/li><li><strong>Combinaci\u00f3n \u00fanica:<\/strong> Cada d\u00eda del Tzolkin se identifica por un n\u00famero del 1 al 13 y un s\u00edmbolo del 1 al 20, creando una combinaci\u00f3n \u00fanica para cada d\u00eda.<\/li><li><strong>Onda:<\/strong> Cada 13 Kins o d\u00edas forma una Onda.<\/li><li><strong>Significado simb\u00f3lico:<\/strong> Cada s\u00edmbolo del Tzolkin representa una energ\u00eda o cualidad espec\u00edfica, mientras que los n\u00fameros reflejan el orden y la secuencia del universo.<\/li><li><strong>Ciclo de crecimiento y transformaci\u00f3n:<\/strong> El Tzolkin refleja los ciclos naturales de crecimiento, transformaci\u00f3n y renovaci\u00f3n, conectando al individuo con los ritmos de la naturaleza y el cosmos.<\/li><\/ol>\n\n\n\n<h2 class=\"wp-block-heading\"><strong>Relevancia del Tzolkin en el mundo moderno<\/strong><\/h2>\n\n\n\n<p>Para responder a qu\u00e9 es el Tzolkin, nos remontar\u00edamos a la antigua civilizaci\u00f3n Maya ya que su relevancia trasciende el tiempo y el espacio. En la actualidad, gracias a  Jos\u00e9 Arg\u00fcelles, muchas personas, como Georgina, recurren al Tzolkin como una herramienta para la reflexi\u00f3n personal y autoconocimiento, la sincronizaci\u00f3n con los ciclos naturales y la exploraci\u00f3n de la espiritualidad. Su enfoque hol\u00edstico y su comprensi\u00f3n de la interconexi\u00f3n entre todas las cosas lo convierten en una fuente de inspiraci\u00f3n y sabidur\u00eda para aquellos que buscan una mayor comprensi\u00f3n de s\u00ed mismos y del universo que los rodea.<\/p>\n\n\n\n<h2 class=\"wp-block-heading\">\u00bfQu\u00e9 hablamos con Georgina en el episodio del podcast?<\/h2>\n\n\n\n<iframe src=\"https:\/\/www.ivoox.com\/player_ej_128435079_6_1.html?c1=fcdc04\" width=\"100%\" height=\"200\" frameborder=\"0\" allowfullscreen=\"\" scrolling=\"no\" loading=\"lazy\"><\/iframe>\n\n\n\n<p>Una de las primeras preguntas que le hicimos a Georgina fue sobre su propio viaje personal con el Tzolkin. Nos cont\u00f3 c\u00f3mo descubri\u00f3 por primera vez este antiguo calendario y c\u00f3mo se sinti\u00f3 intrigada por su complejidad y profundidad. Ella se form\u00f3 entre otros con Norma de <a href=\"https:\/\/www.youtube.com\/@legadomaya\">Legado maya<\/a>. <\/p>\n\n\n\n<p>A medida que profundiz\u00e1bamos en la conversaci\u00f3n, nos sumergimos en los conceptos b\u00e1sicos del Tzolkin y c\u00f3mo estos n\u00fameros y s\u00edmbolos pueden interpretarse para proporcionar orientaci\u00f3n y claridad en la vida diaria, mayor armon\u00eda, prop\u00f3sito y significado.<\/p>\n\n\n\n<h2 class=\"wp-block-heading\">Sincronario (260 d\u00edas)<\/h2>\n\n\n\n<p>Aqu\u00ed te muestro el sincronario el cual mostramos en el podcast.<\/p>\n\n\n\n<figure class=\"wp-block-image size-large\"><img fetchpriority=\"high\" decoding=\"async\" width=\"660\" height=\"934\" src=\"https:\/\/miriamesteve.com\/wp-content\/uploads\/2024\/05\/tzolkin-sincronario-copia.jpg\" alt=\"sincronario maya\" class=\"wp-image-1189\" srcset=\"http:\/\/alejand7-cp5020.wordpresstemporal.com\/miriamesteve.com\/wp-content\/uploads\/2024\/05\/tzolkin-sincronario-copia.jpg 660w, http:\/\/alejand7-cp5020.wordpresstemporal.com\/miriamesteve.com\/wp-content\/uploads\/2024\/05\/tzolkin-sincronario-copia-212x300.jpg 212w\" sizes=\"(max-width: 660px) 100vw, 660px\" \/><figcaption>Sincronario de 260 dias<\/figcaption><\/figure>\n\n\n\n<h2 class=\"wp-block-heading\">\u00bfQu\u00e9 es un kin?<\/h2>\n\n\n\n<p>Un \u00abkin\u00bb es una unidad de medida en el calendario Tzolkin. <strong>Representa un d\u00eda<\/strong> dentro del ciclo de 260 d\u00edas y est\u00e1 compuesto por dos componentes: un n\u00famero que va del 1 al 13 y un s\u00edmbolo que va del 1 al 20. Estos n\u00fameros y s\u00edmbolos se combinan para formar un total de 260 kines \u00fanicos, cada uno con su propia energ\u00eda y significado.<\/p>\n\n\n\n<p>Los kines son utilizados en el Tzolkin para marcar eventos importantes, rituales y celebraciones, as\u00ed como para proporcionar orientaci\u00f3n y claridad en la vida diaria. Cada kin tiene su propia cualidad distintiva y puede ofrecer informaci\u00f3n sobre el prop\u00f3sito y la direcci\u00f3n en un d\u00eda determinado.<\/p>\n\n\n\n<h2 class=\"wp-block-heading\">La firma gal\u00e1ctica<\/h2>\n\n\n\n<p>La \u00abfirma gal\u00e1ctica\u00bb es un t\u00e9rmino utilizado en el contexto del Tzolkin y el calendario maya para referirse a la combinaci\u00f3n espec\u00edfica de un sello solar y un tono dentro del ciclo de 260 d\u00edas. Esta combinaci\u00f3n \u00fanica proporciona informaci\u00f3n sobre las energ\u00edas y cualidades que est\u00e1n presentes en un d\u00eda determinado.<\/p>\n\n\n\n<p>La firma gal\u00e1ctica est\u00e1 compuesta por dos elementos:<\/p>\n\n\n\n<ol class=\"wp-block-list\"><li><strong>Sello Solar:<\/strong> Representa uno de los 20 arquetipos b\u00e1sicos o energ\u00edas fundamentales en el Tzolkin. Cada sello solar tiene su propio significado y cualidad distintiva, que puede variar desde aspectos emocionales hasta cualidades espirituales o de acci\u00f3n.<\/li><li><strong>Tono:<\/strong> Es un n\u00famero del 1 al 13 que se combina con el sello solar para formar un d\u00eda completo en el Tzolkin. Cada tono tiene su propia vibraci\u00f3n y significado, que se superpone con el sello para proporcionar una comprensi\u00f3n m\u00e1s completa del d\u00eda.<\/li><\/ol>\n\n\n\n<p>La firma gal\u00e1ctica de un d\u00eda espec\u00edfico se considera una especie de \u00abhuella energ\u00e9tica\u00bb que influir\u00e1 en las experiencias y eventos que ocurran durante ese d\u00eda. Al estudiar la firma gal\u00e1ctica de un d\u00eda, se puede obtener una mayor comprensi\u00f3n de las energ\u00edas en juego y c\u00f3mo pueden influir en la vida diaria. Es lo que podr\u00edamos equiparar en <a href=\"https:\/\/miriamesteve.com\/astrologia-y-autoconocimiento\/\">Astrolog\u00eda al Piscis, ascendente Leo, luna en Aries<\/a><\/p>\n\n\n\n<h2 class=\"wp-block-heading\">La onda encantada<\/h2>\n\n\n\n<p>La \u00abonda\u00bb en el contexto del Tzolkin se refiere a una secuencia espec\u00edfica de 13 d\u00edas dentro del ciclo de 260 d\u00edas. Cada una de estas \u00abondas\u00bb est\u00e1 asociada con un tema o energ\u00eda particular y se repite a lo largo del calendario, pero con diferentes combinaciones de n\u00fameros y s\u00edmbolos.<\/p>\n\n\n\n<p>Cada onda tiene un prop\u00f3sito \u00fanico y ofrece oportunidades para la reflexi\u00f3n y el crecimiento personal. Al observar la energ\u00eda de cada d\u00eda dentro de una onda, se puede obtener una comprensi\u00f3n m\u00e1s profunda de los ciclos naturales y c\u00f3mo pueden influir en nuestras vidas.<\/p>\n\n\n\n<p>Todos tenemos una onda de nacimiento, con la energ\u00eda que nos acompa\u00f1ara toda la vida. Pero tambi\u00e9n tenemos una onda anual (o del a\u00f1o).<\/p>\n\n\n\n<p>En el podcast miramos como ejemplo <strong>mi onda de este a\u00f1o<\/strong> (la onda del mono), coincidiendo que mi cumplea\u00f1os fue cerca de la grabaci\u00f3n del podcast. En <a href=\"https:\/\/miriamesteve.com\/astrologia-y-autoconocimiento\/\">Astrolog\u00eda<\/a> ser\u00eda equiparable a una revoluci\u00f3n solar. <\/p>\n\n\n\n<p><strong>Mi onda del mono<\/strong> (2024)<\/p>\n\n\n\n<figure class=\"wp-block-image size-large\"><img decoding=\"async\" width=\"533\" height=\"494\" src=\"https:\/\/miriamesteve.com\/wp-content\/uploads\/2024\/05\/Onda-del-Mono.png\" alt=\"\" class=\"wp-image-1190\" srcset=\"http:\/\/alejand7-cp5020.wordpresstemporal.com\/miriamesteve.com\/wp-content\/uploads\/2024\/05\/Onda-del-Mono.png 533w, http:\/\/alejand7-cp5020.wordpresstemporal.com\/miriamesteve.com\/wp-content\/uploads\/2024\/05\/Onda-del-Mono-300x278.png 300w\" sizes=\"(max-width: 533px) 100vw, 533px\" \/><figcaption>Onda del mono<\/figcaption><\/figure>\n\n\n\n<h2 class=\"wp-block-heading\">Energ\u00eda general asociada con cada tono:<\/h2>\n\n\n\n<ol class=\"wp-block-list\"><li><strong>Magn\u00e9tico:<\/strong> Es el tono del inicio, la semilla de la creaci\u00f3n. Representa la receptividad, la atracci\u00f3n y el establecimiento de las bases para el ciclo que comienza.<\/li><li><strong>Lunar:<\/strong> Significa la polaridad, la desafinaci\u00f3n y el desaf\u00edo. Es un momento para identificar las tensiones y las polaridades en la situaci\u00f3n.<\/li><li><strong>El\u00e9ctrico:<\/strong> Representa la activaci\u00f3n, la din\u00e1mica y la acci\u00f3n. Es un momento para tomar iniciativas y movilizar la energ\u00eda hacia la acci\u00f3n.<\/li><li><strong>Autoexistente:<\/strong> Significa la definici\u00f3n, la medici\u00f3n y la forma. Es un momento para definir los l\u00edmites y establecer estructuras para la manifestaci\u00f3n.<\/li><li><strong>Entonado:<\/strong> Representa la integraci\u00f3n, la manifestaci\u00f3n y la armon\u00eda. Es un momento para encontrar el equilibrio y la sincron\u00eda con el universo.<\/li><li><strong>R\u00edtmico:<\/strong> Significa el flujo, la organizaci\u00f3n y la igualdad. Es un momento para encontrar ritmo y fluidez en el proceso.<\/li><li><strong>Resonante:<\/strong> Representa la sintonizaci\u00f3n, la canalizaci\u00f3n y la afinaci\u00f3n. Es un momento para resonar con la energ\u00eda del entorno y sintonizar con las oportunidades.<\/li><li><strong>Gal\u00e1ctico:<\/strong> Significa la armonizaci\u00f3n, la integraci\u00f3n y la elegancia. Es un momento para integrar las energ\u00edas c\u00f3smicas y expandir la conciencia.<\/li><li><strong>Solar:<\/strong> Representa la realizaci\u00f3n, la iluminaci\u00f3n y la luz. Es un momento para irradiar la luz del ser y manifestar el prop\u00f3sito.<\/li><li><strong>Planetario:<\/strong> Significa la manifestaci\u00f3n, la perfecci\u00f3n y la producci\u00f3n. Es un momento para materializar las visiones y objetivos.<\/li><li><strong>Espectral:<\/strong> Representa la liberaci\u00f3n, la disoluci\u00f3n y la transmutaci\u00f3n. Es un momento para soltar y dejar ir lo que ya no sirve para el crecimiento.<\/li><li><strong>Cristal:<\/strong> Significa la cooperaci\u00f3n, la universalidad y la dedicaci\u00f3n. Es un momento para trabajar en colaboraci\u00f3n y enfocarse en el prop\u00f3sito colectivo.<\/li><li><strong>C\u00f3smico:<\/strong> Representa la trascendencia, la integraci\u00f3n y la realizaci\u00f3n. Es un momento para integrar las lecciones aprendidas y elevar la conciencia.<\/li><\/ol>\n\n\n\n<h2 class=\"wp-block-heading\"><strong>Onda de nacimiento vs. Onda anual:<\/strong><\/h2>\n\n\n\n<ul class=\"wp-block-list\"><li><strong>Onda de nacimiento:<\/strong> Es la secuencia espec\u00edfica de 13 tonos y 20 sellos solares que estaban presentes en el momento de tu nacimiento. Representa la energ\u00eda con la que viniste al mundo y puede proporcionar informaci\u00f3n detallada sobre tu personalidad, tu camino espiritual y tus lecciones de vida.<\/li><li><strong>Onda anual:<\/strong> Es la secuencia de 13 tonos y 20 sellos solares que se repiten a lo largo del ciclo anual en el Tzolkin. Representa la energ\u00eda predominante para cada d\u00eda del a\u00f1o y puede ofrecer una visi\u00f3n general de las tendencias y los patrones que influir\u00e1n en tus experiencias a lo largo del a\u00f1o.<\/li><\/ul>\n\n\n\n<h2 class=\"wp-block-heading\">El or\u00e1culo del Tzolkin<\/h2>\n\n\n\n<p>En el contexto del Tzolkin, el \u00abor\u00e1culo\u00bb se refiere al uso de los sellos solares y los tonos para obtener gu\u00eda, insights o entendimiento sobre aspectos de la vida. En lugar de prever el futuro de manera tradicional, el or\u00e1culo del Tzolkin proporciona una forma de entender las energ\u00edas presentes y c\u00f3mo interact\u00faan con nuestras vidas.<\/p>\n\n\n\n<p>El sello solar representa la energ\u00eda fundamental o el arquetipo bajo el cual una persona opera, mientras que el tono proporciona informaci\u00f3n sobre la forma en que esa energ\u00eda se expresa o manifiesta. Juntos, el sello solar y el tono ofrecen una ventana a las cualidades innatas, los dones y los desaf\u00edos de una persona, as\u00ed como sugerencias sobre c\u00f3mo navegar por la vida de una manera m\u00e1s armoniosa y alineada.<\/p>\n\n\n\n<p>Al igual que la onda, tambi\u00e9n tenemos un or\u00e1culo de nacimiento y uno anual. En el podcast vimos como ejemplo mi or\u00e1culo anual:<\/p>\n\n\n\n<figure class=\"wp-block-image size-large is-resized\"><img decoding=\"async\" src=\"https:\/\/miriamesteve.com\/wp-content\/uploads\/2024\/05\/Ora\u0301culo-134.png\" alt=\"Oraculo 134 tzolkin\" class=\"wp-image-1191\" width=\"524\" height=\"491\" srcset=\"http:\/\/alejand7-cp5020.wordpresstemporal.com\/miriamesteve.com\/wp-content\/uploads\/2024\/05\/Ora\u0301culo-134.png 524w, http:\/\/alejand7-cp5020.wordpresstemporal.com\/miriamesteve.com\/wp-content\/uploads\/2024\/05\/Ora\u0301culo-134-300x281.png 300w\" sizes=\"(max-width: 524px) 100vw, 524px\" \/><figcaption>Or\u00e1culo 134<\/figcaption><\/figure>\n\n\n\n<h2 class=\"wp-block-heading\"><strong>Or\u00e1culo de nacimiento vs. Or\u00e1culo anual:<\/strong><\/h2>\n\n\n\n<ul class=\"wp-block-list\"><li><strong>Or\u00e1culo de nacimiento:<\/strong> Se refiere a la energ\u00eda espec\u00edfica que est\u00e1 presente en el momento de tu nacimiento seg\u00fan el calendario Tzolkin. Se calcula utilizando tu fecha de nacimiento y te proporciona informaci\u00f3n sobre tus caracter\u00edsticas innatas, dones, desaf\u00edos y prop\u00f3sito de vida.<\/li><li><strong>Or\u00e1culo anual:<\/strong> Se refiere a la energ\u00eda predominante que influir\u00e1 en los eventos y experiencias a lo largo de un a\u00f1o calendario en el Tzolkin. Se forma a partir de la combinaci\u00f3n de los 13 tonos y los 20 sellos solares a lo largo de los 260 d\u00edas del ciclo Tzolkin. Proporciona una visi\u00f3n general de las energ\u00edas predominantes para planificar actividades y tomar decisiones durante el a\u00f1o.<\/li><\/ul>\n\n\n\n<p>En resumen, mientras que el or\u00e1culo y la onda de nacimiento est\u00e1n espec\u00edficamente relacionados contigo y tu nacimiento, el or\u00e1culo y la onda anuales se refieren a las energ\u00edas que influyen en un per\u00edodo de tiempo m\u00e1s amplio, ya sea un a\u00f1o espec\u00edfico o un ciclo anual completo.<\/p>\n\n\n\n<p>Aqu\u00ed pod\u00e9is ver el video del la grabaci\u00f3n del podcast, para que entend\u00e1is de qu\u00e9 estamos hablando.<\/p>\n\n\n\n<figure class=\"wp-block-embed is-provider-youtube wp-block-embed-youtube\"><div class=\"wp-block-embed__wrapper\">\n<iframe title=\"#47 \u2013 Tzolkin b\u00e1sico - Calendario Maya con Georgina C de @SentidoMaya\" width=\"821\" height=\"462\" src=\"https:\/\/www.youtube.com\/embed\/fsoTmRf9NMk?feature=oembed\" frameborder=\"0\" allow=\"accelerometer; autoplay; clipboard-write; encrypted-media; gyroscope; picture-in-picture; web-share\" referrerpolicy=\"strict-origin-when-cross-origin\" allowfullscreen><\/iframe>\n<\/div><\/figure>\n\n\n\n<p>Aqu\u00ed la p\u00e1gina <strong><a href=\"https:\/\/13lunas.net\/\">13 lunas <\/a><\/strong>que mostramos de Jos\u00e9 Arg\u00fcelles donde encontrar m\u00e1s informaci\u00f3n actual sobre el tzolkin.<\/p>\n\n\n\n<p>En resumen, mi conversaci\u00f3n con Georgina fue una fascinante exploraci\u00f3n de los misterios y la magia del Tzolkin y el calendario Maya. Me dej\u00f3 con una profunda apreciaci\u00f3n por este antiguo sistema de tiempo y con una mayor comprensi\u00f3n de c\u00f3mo podemos aplicar sus ense\u00f1anzas para enriquecer nuestras vidas. \u00a1No te pierdas este episodio revelador y transformador! \ud83c\udf1f\ud83d\uddd3\ufe0f<\/p>\n\n\n\n<h2 class=\"wp-block-heading\"><strong>Curso de Tzolkin is coming!<\/strong> <\/h2>\n\n\n\n<p>Adem\u00e1s de discutir los aspectos te\u00f3ricos del Tzolkin, me emocion\u00f3 escuchar de Georgina sobre sus planes para compartir su sabidur\u00eda a trav\u00e9s de pr\u00f3ximos cursos en l\u00ednea y talleres pr\u00e1cticos, lo que brindar\u00e1 a los participantes la oportunidad de profundizar a\u00fan m\u00e1s en el fascinante mundo del Tzolkin.<\/p>\n\n\n\n<p>Acaba de estrenarse en redes sociales y est\u00e1 dando forma a su curso, asi que mantente atento, porque es una oportunidad \u00fanica para sumergirte a\u00fan m\u00e1s en este fascinante sistema de tiempo y explorar su potencial para la transformaci\u00f3n personal y espiritual. Tan pronto como el curso est\u00e9 listo, lo anunciaremos aqu\u00ed para que puedas acceder a este emocionante viaje de descubrimiento. \u00a1No te lo pierdas! \ud83c\udf1f\u2728<\/p>\n\n\n\n<h2 class=\"wp-block-heading\"><strong>Conclusi\u00f3n<\/strong><\/h2>\n\n\n\n<p>El Tzolkin nos recuerda que estamos inextricablemente conectados con la naturaleza y el cosmos, y nos invita a sintonizar con los ritmos m\u00e1s profundos del universo. Al comprender y honrar los ciclos del Tzolkin, podemos encontrar gu\u00eda y sabidur\u00eda para nuestro viaje personal, as\u00ed como una mayor armon\u00eda con el mundo que nos rodea. Que cada d\u00eda sea una oportunidad para explorar la magia y la misteriosa sincronicidad del Tzolkin, y para celebrar nuestra conexi\u00f3n con la vasta red de la existencia.<\/p>\n\n\n\n<p><\/p>\n","protected":false},"excerpt":{"rendered":"<p>Explorando qu\u00e9 es el Tzolkin: El Calendario Maya y sus Misterios Llevava tiempo viendo por aqu\u00ed y all\u00e1 alguna publicaci\u00f3n o informaci\u00f3n del Tzolkin. \u00bfqu\u00e9 es esto del tzolkin? &#8211; me preguntaba cada vez. Las casualidades no existen, y una vieja amiga y vecina de la infancia, Georgina Cruz, me contact\u00f3 por facebook. Acabamos hablando&hellip;<\/p>\n","protected":false},"author":2,"featured_media":1186,"comment_status":"open","ping_status":"open","sticky":false,"template":"","format":"standard","meta":{"footnotes":""},"categories":[5,22,8,6,10],"tags":[20],"class_list":["post-1185","post","type-post","status-publish","format-standard","has-post-thumbnail","hentry","category-crecimiento","category-espiritualidad","category-lo-que-me-motiva","category-metodologias","category-podcast","tag-podcast"],"yoast_head":"<!-- This site is optimized with the Yoast SEO plugin v26.9 - https:\/\/yoast.com\/product\/yoast-seo-wordpress\/ -->\n<title>#47 \u2013 \u00bfQu\u00e9 es el Tzolkin? b\u00e1sicos del calendario maya con @SentidoMaya -<\/title>\n<meta name=\"description\" content=\"Descubre la magia del Tzolkin, el calendario Maya de 260 d\u00edas, en este art\u00edculo y podcast que explora sus fundamentos b\u00e1sicos y su relevancia en el mundo moderno.\" \/>\n<meta name=\"robots\" content=\"index, follow, max-snippet:-1, max-image-preview:large, max-video-preview:-1\" \/>\n<link rel=\"canonical\" href=\"https:\/\/miriamesteve.com\/tzolkin-basico\/\" \/>\n<meta property=\"og:locale\" content=\"es_ES\" \/>\n<meta property=\"og:type\" content=\"article\" \/>\n<meta property=\"og:title\" content=\"#47 \u2013 \u00bfQu\u00e9 es el Tzolkin? b\u00e1sicos del calendario maya con @SentidoMaya -\" \/>\n<meta property=\"og:description\" content=\"Descubre la magia del Tzolkin, el calendario Maya de 260 d\u00edas, en este art\u00edculo y podcast que explora sus fundamentos b\u00e1sicos y su relevancia en el mundo moderno.\" \/>\n<meta property=\"og:url\" content=\"https:\/\/miriamesteve.com\/tzolkin-basico\/\" \/>\n<meta property=\"og:site_name\" content=\"Miriam Esteve\" \/>\n<meta property=\"article:published_time\" content=\"2024-05-04T19:34:26+00:00\" \/>\n<meta property=\"article:modified_time\" content=\"2024-05-04T19:34:27+00:00\" \/>\n<meta property=\"og:image\" content=\"https:\/\/miriamesteve.com\/wp-content\/uploads\/2024\/05\/tzolkin_imagen_podcast.jpeg\" \/>\n\t<meta property=\"og:image:width\" content=\"1080\" \/>\n\t<meta property=\"og:image:height\" content=\"1080\" \/>\n\t<meta property=\"og:image:type\" content=\"image\/jpeg\" \/>\n<meta name=\"author\" content=\"Miriam Esteve\" \/>\n<meta name=\"twitter:card\" content=\"summary_large_image\" \/>\n<meta name=\"twitter:label1\" content=\"Escrito por\" \/>\n\t<meta name=\"twitter:data1\" content=\"Miriam Esteve\" \/>\n\t<meta name=\"twitter:label2\" content=\"Tiempo de lectura\" \/>\n\t<meta name=\"twitter:data2\" content=\"11 minutos\" \/>\n<script type=\"application\/ld+json\" class=\"yoast-schema-graph\">{\"@context\":\"https:\/\/schema.org\",\"@graph\":[{\"@type\":\"Article\",\"@id\":\"https:\/\/miriamesteve.com\/tzolkin-basico\/#article\",\"isPartOf\":{\"@id\":\"https:\/\/miriamesteve.com\/tzolkin-basico\/\"},\"author\":{\"name\":\"Miriam Esteve\",\"@id\":\"https:\/\/miriamesteve.com\/#\/schema\/person\/9ed09affca396e4c796bdc9911343b16\"},\"headline\":\"#47 \u2013 \u00bfQu\u00e9 es el Tzolkin? b\u00e1sicos del calendario maya con @SentidoMaya\",\"datePublished\":\"2024-05-04T19:34:26+00:00\",\"dateModified\":\"2024-05-04T19:34:27+00:00\",\"mainEntityOfPage\":{\"@id\":\"https:\/\/miriamesteve.com\/tzolkin-basico\/\"},\"wordCount\":2301,\"commentCount\":1,\"publisher\":{\"@id\":\"https:\/\/miriamesteve.com\/#organization\"},\"image\":{\"@id\":\"https:\/\/miriamesteve.com\/tzolkin-basico\/#primaryimage\"},\"thumbnailUrl\":\"http:\/\/alejand7-cp5020.wordpresstemporal.com\/miriamesteve.com\/wp-content\/uploads\/2024\/05\/tzolkin_imagen_podcast.jpeg\",\"keywords\":[\"podcast\"],\"articleSection\":[\"Crecimiento\",\"Espiritualidad\",\"Lo que me motiva\",\"Metodolog\u00edas\",\"Podcast\"],\"inLanguage\":\"es\",\"potentialAction\":[{\"@type\":\"CommentAction\",\"name\":\"Comment\",\"target\":[\"https:\/\/miriamesteve.com\/tzolkin-basico\/#respond\"]}]},{\"@type\":\"WebPage\",\"@id\":\"https:\/\/miriamesteve.com\/tzolkin-basico\/\",\"url\":\"https:\/\/miriamesteve.com\/tzolkin-basico\/\",\"name\":\"#47 \u2013 \u00bfQu\u00e9 es el Tzolkin? b\u00e1sicos del calendario maya con @SentidoMaya -\",\"isPartOf\":{\"@id\":\"https:\/\/miriamesteve.com\/#website\"},\"primaryImageOfPage\":{\"@id\":\"https:\/\/miriamesteve.com\/tzolkin-basico\/#primaryimage\"},\"image\":{\"@id\":\"https:\/\/miriamesteve.com\/tzolkin-basico\/#primaryimage\"},\"thumbnailUrl\":\"http:\/\/alejand7-cp5020.wordpresstemporal.com\/miriamesteve.com\/wp-content\/uploads\/2024\/05\/tzolkin_imagen_podcast.jpeg\",\"datePublished\":\"2024-05-04T19:34:26+00:00\",\"dateModified\":\"2024-05-04T19:34:27+00:00\",\"description\":\"Descubre la magia del Tzolkin, el calendario Maya de 260 d\u00edas, en este art\u00edculo y podcast que explora sus fundamentos b\u00e1sicos y su relevancia en el mundo moderno.\",\"breadcrumb\":{\"@id\":\"https:\/\/miriamesteve.com\/tzolkin-basico\/#breadcrumb\"},\"inLanguage\":\"es\",\"potentialAction\":[{\"@type\":\"ReadAction\",\"target\":[\"https:\/\/miriamesteve.com\/tzolkin-basico\/\"]}]},{\"@type\":\"ImageObject\",\"inLanguage\":\"es\",\"@id\":\"https:\/\/miriamesteve.com\/tzolkin-basico\/#primaryimage\",\"url\":\"http:\/\/alejand7-cp5020.wordpresstemporal.com\/miriamesteve.com\/wp-content\/uploads\/2024\/05\/tzolkin_imagen_podcast.jpeg\",\"contentUrl\":\"http:\/\/alejand7-cp5020.wordpresstemporal.com\/miriamesteve.com\/wp-content\/uploads\/2024\/05\/tzolkin_imagen_podcast.jpeg\",\"width\":1080,\"height\":1080,\"caption\":\"Tzolkin b\u00e1sico - Calendario Maya\"},{\"@type\":\"BreadcrumbList\",\"@id\":\"https:\/\/miriamesteve.com\/tzolkin-basico\/#breadcrumb\",\"itemListElement\":[{\"@type\":\"ListItem\",\"position\":1,\"name\":\"Portada\",\"item\":\"https:\/\/miriamesteve.com\/\"},{\"@type\":\"ListItem\",\"position\":2,\"name\":\"#47 \u2013 \u00bfQu\u00e9 es el Tzolkin? b\u00e1sicos del calendario maya con @SentidoMaya\"}]},{\"@type\":\"WebSite\",\"@id\":\"https:\/\/miriamesteve.com\/#website\",\"url\":\"https:\/\/miriamesteve.com\/\",\"name\":\"Miriam Esteve\",\"description\":\"Creatividad,motivaci\u00f3n y productividad\",\"publisher\":{\"@id\":\"https:\/\/miriamesteve.com\/#organization\"},\"potentialAction\":[{\"@type\":\"SearchAction\",\"target\":{\"@type\":\"EntryPoint\",\"urlTemplate\":\"https:\/\/miriamesteve.com\/?s={search_term_string}\"},\"query-input\":{\"@type\":\"PropertyValueSpecification\",\"valueRequired\":true,\"valueName\":\"search_term_string\"}}],\"inLanguage\":\"es\"},{\"@type\":\"Organization\",\"@id\":\"https:\/\/miriamesteve.com\/#organization\",\"name\":\"Miriam Esteve\",\"url\":\"https:\/\/miriamesteve.com\/\",\"logo\":{\"@type\":\"ImageObject\",\"inLanguage\":\"es\",\"@id\":\"https:\/\/miriamesteve.com\/#\/schema\/logo\/image\/\",\"url\":\"http:\/\/alejand7-cp5020.wordpresstemporal.com\/miriamesteve.com\/wp-content\/uploads\/2020\/07\/cropped-favico_logo_miriam-2-1.png\",\"contentUrl\":\"http:\/\/alejand7-cp5020.wordpresstemporal.com\/miriamesteve.com\/wp-content\/uploads\/2020\/07\/cropped-favico_logo_miriam-2-1.png\",\"width\":32,\"height\":32,\"caption\":\"Miriam Esteve\"},\"image\":{\"@id\":\"https:\/\/miriamesteve.com\/#\/schema\/logo\/image\/\"}},{\"@type\":\"Person\",\"@id\":\"https:\/\/miriamesteve.com\/#\/schema\/person\/9ed09affca396e4c796bdc9911343b16\",\"name\":\"Miriam Esteve\",\"image\":{\"@type\":\"ImageObject\",\"inLanguage\":\"es\",\"@id\":\"https:\/\/miriamesteve.com\/#\/schema\/person\/image\/\",\"url\":\"https:\/\/secure.gravatar.com\/avatar\/c033b994b71ab1d40bb01f4e92c926e6fe3753c2999e62ff3f5659f62c17bd6a?s=96&d=mm&r=g\",\"contentUrl\":\"https:\/\/secure.gravatar.com\/avatar\/c033b994b71ab1d40bb01f4e92c926e6fe3753c2999e62ff3f5659f62c17bd6a?s=96&d=mm&r=g\",\"caption\":\"Miriam Esteve\"},\"url\":\"http:\/\/alejand7-cp5020.wordpresstemporal.com\/miriamesteve.com\/author\/miriam\/\"}]}<\/script>\n<!-- \/ Yoast SEO plugin. -->","yoast_head_json":{"title":"#47 \u2013 \u00bfQu\u00e9 es el Tzolkin? b\u00e1sicos del calendario maya con @SentidoMaya -","description":"Descubre la magia del Tzolkin, el calendario Maya de 260 d\u00edas, en este art\u00edculo y podcast que explora sus fundamentos b\u00e1sicos y su relevancia en el mundo moderno.","robots":{"index":"index","follow":"follow","max-snippet":"max-snippet:-1","max-image-preview":"max-image-preview:large","max-video-preview":"max-video-preview:-1"},"canonical":"https:\/\/miriamesteve.com\/tzolkin-basico\/","og_locale":"es_ES","og_type":"article","og_title":"#47 \u2013 \u00bfQu\u00e9 es el Tzolkin? b\u00e1sicos del calendario maya con @SentidoMaya -","og_description":"Descubre la magia del Tzolkin, el calendario Maya de 260 d\u00edas, en este art\u00edculo y podcast que explora sus fundamentos b\u00e1sicos y su relevancia en el mundo moderno.","og_url":"https:\/\/miriamesteve.com\/tzolkin-basico\/","og_site_name":"Miriam Esteve","article_published_time":"2024-05-04T19:34:26+00:00","article_modified_time":"2024-05-04T19:34:27+00:00","og_image":[{"width":1080,"height":1080,"url":"https:\/\/miriamesteve.com\/wp-content\/uploads\/2024\/05\/tzolkin_imagen_podcast.jpeg","type":"image\/jpeg"}],"author":"Miriam Esteve","twitter_card":"summary_large_image","twitter_misc":{"Escrito por":"Miriam Esteve","Tiempo de lectura":"11 minutos"},"schema":{"@context":"https:\/\/schema.org","@graph":[{"@type":"Article","@id":"https:\/\/miriamesteve.com\/tzolkin-basico\/#article","isPartOf":{"@id":"https:\/\/miriamesteve.com\/tzolkin-basico\/"},"author":{"name":"Miriam Esteve","@id":"https:\/\/miriamesteve.com\/#\/schema\/person\/9ed09affca396e4c796bdc9911343b16"},"headline":"#47 \u2013 \u00bfQu\u00e9 es el Tzolkin? b\u00e1sicos del calendario maya con @SentidoMaya","datePublished":"2024-05-04T19:34:26+00:00","dateModified":"2024-05-04T19:34:27+00:00","mainEntityOfPage":{"@id":"https:\/\/miriamesteve.com\/tzolkin-basico\/"},"wordCount":2301,"commentCount":1,"publisher":{"@id":"https:\/\/miriamesteve.com\/#organization"},"image":{"@id":"https:\/\/miriamesteve.com\/tzolkin-basico\/#primaryimage"},"thumbnailUrl":"http:\/\/alejand7-cp5020.wordpresstemporal.com\/miriamesteve.com\/wp-content\/uploads\/2024\/05\/tzolkin_imagen_podcast.jpeg","keywords":["podcast"],"articleSection":["Crecimiento","Espiritualidad","Lo que me motiva","Metodolog\u00edas","Podcast"],"inLanguage":"es","potentialAction":[{"@type":"CommentAction","name":"Comment","target":["https:\/\/miriamesteve.com\/tzolkin-basico\/#respond"]}]},{"@type":"WebPage","@id":"https:\/\/miriamesteve.com\/tzolkin-basico\/","url":"https:\/\/miriamesteve.com\/tzolkin-basico\/","name":"#47 \u2013 \u00bfQu\u00e9 es el Tzolkin? b\u00e1sicos del calendario maya con @SentidoMaya -","isPartOf":{"@id":"https:\/\/miriamesteve.com\/#website"},"primaryImageOfPage":{"@id":"https:\/\/miriamesteve.com\/tzolkin-basico\/#primaryimage"},"image":{"@id":"https:\/\/miriamesteve.com\/tzolkin-basico\/#primaryimage"},"thumbnailUrl":"http:\/\/alejand7-cp5020.wordpresstemporal.com\/miriamesteve.com\/wp-content\/uploads\/2024\/05\/tzolkin_imagen_podcast.jpeg","datePublished":"2024-05-04T19:34:26+00:00","dateModified":"2024-05-04T19:34:27+00:00","description":"Descubre la magia del Tzolkin, el calendario Maya de 260 d\u00edas, en este art\u00edculo y podcast que explora sus fundamentos b\u00e1sicos y su relevancia en el mundo moderno.","breadcrumb":{"@id":"https:\/\/miriamesteve.com\/tzolkin-basico\/#breadcrumb"},"inLanguage":"es","potentialAction":[{"@type":"ReadAction","target":["https:\/\/miriamesteve.com\/tzolkin-basico\/"]}]},{"@type":"ImageObject","inLanguage":"es","@id":"https:\/\/miriamesteve.com\/tzolkin-basico\/#primaryimage","url":"http:\/\/alejand7-cp5020.wordpresstemporal.com\/miriamesteve.com\/wp-content\/uploads\/2024\/05\/tzolkin_imagen_podcast.jpeg","contentUrl":"http:\/\/alejand7-cp5020.wordpresstemporal.com\/miriamesteve.com\/wp-content\/uploads\/2024\/05\/tzolkin_imagen_podcast.jpeg","width":1080,"height":1080,"caption":"Tzolkin b\u00e1sico - Calendario Maya"},{"@type":"BreadcrumbList","@id":"https:\/\/miriamesteve.com\/tzolkin-basico\/#breadcrumb","itemListElement":[{"@type":"ListItem","position":1,"name":"Portada","item":"https:\/\/miriamesteve.com\/"},{"@type":"ListItem","position":2,"name":"#47 \u2013 \u00bfQu\u00e9 es el Tzolkin? b\u00e1sicos del calendario maya con @SentidoMaya"}]},{"@type":"WebSite","@id":"https:\/\/miriamesteve.com\/#website","url":"https:\/\/miriamesteve.com\/","name":"Miriam Esteve","description":"Creatividad,motivaci\u00f3n y productividad","publisher":{"@id":"https:\/\/miriamesteve.com\/#organization"},"potentialAction":[{"@type":"SearchAction","target":{"@type":"EntryPoint","urlTemplate":"https:\/\/miriamesteve.com\/?s={search_term_string}"},"query-input":{"@type":"PropertyValueSpecification","valueRequired":true,"valueName":"search_term_string"}}],"inLanguage":"es"},{"@type":"Organization","@id":"https:\/\/miriamesteve.com\/#organization","name":"Miriam Esteve","url":"https:\/\/miriamesteve.com\/","logo":{"@type":"ImageObject","inLanguage":"es","@id":"https:\/\/miriamesteve.com\/#\/schema\/logo\/image\/","url":"http:\/\/alejand7-cp5020.wordpresstemporal.com\/miriamesteve.com\/wp-content\/uploads\/2020\/07\/cropped-favico_logo_miriam-2-1.png","contentUrl":"http:\/\/alejand7-cp5020.wordpresstemporal.com\/miriamesteve.com\/wp-content\/uploads\/2020\/07\/cropped-favico_logo_miriam-2-1.png","width":32,"height":32,"caption":"Miriam Esteve"},"image":{"@id":"https:\/\/miriamesteve.com\/#\/schema\/logo\/image\/"}},{"@type":"Person","@id":"https:\/\/miriamesteve.com\/#\/schema\/person\/9ed09affca396e4c796bdc9911343b16","name":"Miriam Esteve","image":{"@type":"ImageObject","inLanguage":"es","@id":"https:\/\/miriamesteve.com\/#\/schema\/person\/image\/","url":"https:\/\/secure.gravatar.com\/avatar\/c033b994b71ab1d40bb01f4e92c926e6fe3753c2999e62ff3f5659f62c17bd6a?s=96&d=mm&r=g","contentUrl":"https:\/\/secure.gravatar.com\/avatar\/c033b994b71ab1d40bb01f4e92c926e6fe3753c2999e62ff3f5659f62c17bd6a?s=96&d=mm&r=g","caption":"Miriam Esteve"},"url":"http:\/\/alejand7-cp5020.wordpresstemporal.com\/miriamesteve.com\/author\/miriam\/"}]}},"_links":{"self":[{"href":"http:\/\/alejand7-cp5020.wordpresstemporal.com\/miriamesteve.com\/wp-json\/wp\/v2\/posts\/1185","targetHints":{"allow":["GET"]}}],"collection":[{"href":"http:\/\/alejand7-cp5020.wordpresstemporal.com\/miriamesteve.com\/wp-json\/wp\/v2\/posts"}],"about":[{"href":"http:\/\/alejand7-cp5020.wordpresstemporal.com\/miriamesteve.com\/wp-json\/wp\/v2\/types\/post"}],"author":[{"embeddable":true,"href":"http:\/\/alejand7-cp5020.wordpresstemporal.com\/miriamesteve.com\/wp-json\/wp\/v2\/users\/2"}],"replies":[{"embeddable":true,"href":"http:\/\/alejand7-cp5020.wordpresstemporal.com\/miriamesteve.com\/wp-json\/wp\/v2\/comments?post=1185"}],"version-history":[{"count":4,"href":"http:\/\/alejand7-cp5020.wordpresstemporal.com\/miriamesteve.com\/wp-json\/wp\/v2\/posts\/1185\/revisions"}],"predecessor-version":[{"id":1193,"href":"http:\/\/alejand7-cp5020.wordpresstemporal.com\/miriamesteve.com\/wp-json\/wp\/v2\/posts\/1185\/revisions\/1193"}],"wp:featuredmedia":[{"embeddable":true,"href":"http:\/\/alejand7-cp5020.wordpresstemporal.com\/miriamesteve.com\/wp-json\/wp\/v2\/media\/1186"}],"wp:attachment":[{"href":"http:\/\/alejand7-cp5020.wordpresstemporal.com\/miriamesteve.com\/wp-json\/wp\/v2\/media?parent=1185"}],"wp:term":[{"taxonomy":"category","embeddable":true,"href":"http:\/\/alejand7-cp5020.wordpresstemporal.com\/miriamesteve.com\/wp-json\/wp\/v2\/categories?post=1185"},{"taxonomy":"post_tag","embeddable":true,"href":"http:\/\/alejand7-cp5020.wordpresstemporal.com\/miriamesteve.com\/wp-json\/wp\/v2\/tags?post=1185"}],"curies":[{"name":"wp","href":"https:\/\/api.w.org\/{rel}","templated":true}]}}