{"id":1163,"date":"2023-11-19T19:19:19","date_gmt":"2023-11-19T19:19:19","guid":{"rendered":"https:\/\/miriamesteve.com\/?p=1163"},"modified":"2023-11-19T19:19:20","modified_gmt":"2023-11-19T19:19:20","slug":"afterwork-yule-tercera-quedada-magica-comunidad-conectadas","status":"publish","type":"post","link":"http:\/\/alejand7-cp5020.wordpresstemporal.com\/miriamesteve.com\/afterwork-yule-tercera-quedada-magica-comunidad-conectadas\/","title":{"rendered":"Afterwork M\u00e1gico en Yule &#8211; Tercera quedada de la comunidad Conectadas"},"content":{"rendered":"\n<p>\ud83e\udd79 Despu\u00e9s del \u00e9xito de la 2\u00b0 quedada de la comunidad Conectadas, estoy feliz de anunciar la <strong>TERCERA QUEDADA OFICIAL<\/strong>, centrandonos en la tradicion celta de YULE, donde las mujeres hispanohablantes de la zona de N\u00faremberg que se sientan m\u00e1gicas pueden unirse para CRECER, CONECTAR y DIVERTIRSE.<\/p>\n\n\n\n<h2 class=\"wp-block-heading\">\u00bfQu\u00e9 es Yule?<\/h2>\n\n\n\n<p>Enlazando este evento con el anterior Samhain, nuestra conectada<a href=\"https:\/\/www.instagram.com\/_tessite\/\"> <strong>Pamela<\/strong> <\/a>nos dirigir\u00e1 en este evento con mucho espiritu celta. Nos adentraremos a\u00fan m\u00e1s en el conocimiento de la rueda del a\u00f1o celta: Ciclo anual de festividades que marcan la transici\u00f3n entre una estaci\u00f3n y otra (primavera, verano, oto\u00f1o e invierno) a trav\u00e9s de los equinoccios y solsticios. Simulando el ciclo de la vida nacimiento, crecimiento, reproducci\u00f3n, muerte y renacimiento. <strong> Y nos centraremos en YULE, aprovecharemos de el solsticio de invierno la energ\u00eda para  concretar y decretar nuestros prop\u00f3sitos y hacer as\u00ed nuestros sue\u00f1os realidad.<\/strong><\/p>\n\n\n\n<figure class=\"wp-block-image size-large\"><img fetchpriority=\"high\" decoding=\"async\" width=\"1024\" height=\"1024\" src=\"https:\/\/miriamesteve.com\/wp-content\/uploads\/2023\/11\/yule1-1024x1024.jpeg\" alt=\"\" class=\"wp-image-1165\" srcset=\"http:\/\/alejand7-cp5020.wordpresstemporal.com\/miriamesteve.com\/wp-content\/uploads\/2023\/11\/yule1-1024x1024.jpeg 1024w, http:\/\/alejand7-cp5020.wordpresstemporal.com\/miriamesteve.com\/wp-content\/uploads\/2023\/11\/yule1-300x300.jpeg 300w, http:\/\/alejand7-cp5020.wordpresstemporal.com\/miriamesteve.com\/wp-content\/uploads\/2023\/11\/yule1-150x150.jpeg 150w, http:\/\/alejand7-cp5020.wordpresstemporal.com\/miriamesteve.com\/wp-content\/uploads\/2023\/11\/yule1-768x768.jpeg 768w, http:\/\/alejand7-cp5020.wordpresstemporal.com\/miriamesteve.com\/wp-content\/uploads\/2023\/11\/yule1.jpeg 1080w\" sizes=\"(max-width: 1024px) 100vw, 1024px\" \/><\/figure>\n\n\n\n<p>\ud83d\uddbc\ufe0f En el<strong> taller creativo<\/strong> crearemos un <strong>tablero de prop\u00f3sitos<\/strong> donde dibujaremos con crayones consagrados absolutamente todo lo que deseamos para el pr\u00f3ximo a\u00f1o y sellaremos esos deseos por medio de un ritual celta que canaliza la luz naciente, a este tablero m\u00e1gico. Cr\u00e9eme, no es el t\u00edpico vision board que conoces, \u00a1te va a hechizar!<\/p>\n\n\n\n<h2 class=\"wp-block-heading\">Taller Creativo<\/h2>\n\n\n\n<p>Adem\u00e1s, podremos disfrutar de unas <strong>exquisitas empanadas, el rollo de pan t\u00edpico de la \u00e9poca llamado YuleLog, gl\u00fchwein y aut\u00e9ntico caf\u00e9 colombiano<\/strong> (incl. En el precio), compartiremos conocimientos y experiencias sobre distintas tradiciones, y otros temas que nos apetezca hablar, adem\u00e1s de <strong>divertirnos y expandir nuestra red de amistades<\/strong> en espa\u00f1ol con relaci\u00f3n a todos los temas de crecimiento personal, espiritual y m\u00edsticos<\/p>\n\n\n\n<h2 class=\"wp-block-heading\">Datos \u00fatiles<\/h2>\n\n\n\n<p>\u27a1\ufe0f<strong>Lugar de encuentro: roestkaffee | S<a href=\"https:\/\/roestkaffee.de\/\">pezialit\u00e4ten-Kaffeer\u00f6sterei<\/a><\/strong> &#8211; <a href=\"https:\/\/maps.app.goo.gl\/QyBmhvEb5GX4uGnE7\">Zwickauer Str. 8, 90522 Oberasbach<\/a><\/p>\n\n\n\n<p><strong>D\u00eda y Hora de inicio del evento: <\/strong>30 de noviembre del 2023 &#8211; 17:00h (duraci\u00f3n aproximada 2h \u2013 m\u00ednimo)<\/p>\n\n\n\n<p>\u27a1\ufe0f<strong>Intercambio energ\u00e9tico:<\/strong> 30\u20ac &#8211; Incluye asistencia a la experiencia, todo el material necesario para el taller creativo, as\u00ed como 2 empanadas por persona, una rebanada de YuleLog y barra de bebidas.<\/p>\n\n\n\n<p>\ud83e\udd19<strong>Ap\u00fantate<\/strong> pagando a trav\u00e9s Paypal al email: pamelapachecotellez@gmail.com o por transferencia bancar\u00eda (preg\u00fantame los datos si necesitas) &#8211; recuerda poner tu nombre en el pago y la palabra Yule.<\/p>\n\n\n\n<p>\u27a1\ufe0fPor favor, env\u00edame un mensaje al email: pamelapachecotellez@gmail.com avisando del pago o al <a href=\"https:\/\/chat.whatsapp.com\/FO1uFQl78peIvV3O7kMLNY\">grupo de conectadas de whatsapp<\/a>.<\/p>\n\n\n\n<p>\u27a1\ufe0f\u00a1<strong>Plazas limitadas! &#8211; \u00faltima fecha para darse de baja 24.11.2023.<\/strong> Despu\u00e9s, lamentablemente no podr\u00e9 reembolsar el importe.<\/p>\n\n\n\n<p><\/p>\n\n\n\n<figure class=\"wp-block-gallery columns-1 is-cropped wp-block-gallery-1 is-layout-flex wp-block-gallery-is-layout-flex\"><ul class=\"blocks-gallery-grid\"><li class=\"blocks-gallery-item\"><figure><img decoding=\"async\" width=\"1024\" height=\"1024\" src=\"https:\/\/miriamesteve.com\/wp-content\/uploads\/2023\/11\/yule2-1024x1024.jpeg\" alt=\"\" data-id=\"1164\" data-full-url=\"https:\/\/miriamesteve.com\/wp-content\/uploads\/2023\/11\/yule2.jpeg\" data-link=\"https:\/\/miriamesteve.com\/?attachment_id=1164\" class=\"wp-image-1164\" srcset=\"http:\/\/alejand7-cp5020.wordpresstemporal.com\/miriamesteve.com\/wp-content\/uploads\/2023\/11\/yule2-1024x1024.jpeg 1024w, http:\/\/alejand7-cp5020.wordpresstemporal.com\/miriamesteve.com\/wp-content\/uploads\/2023\/11\/yule2-300x300.jpeg 300w, http:\/\/alejand7-cp5020.wordpresstemporal.com\/miriamesteve.com\/wp-content\/uploads\/2023\/11\/yule2-150x150.jpeg 150w, http:\/\/alejand7-cp5020.wordpresstemporal.com\/miriamesteve.com\/wp-content\/uploads\/2023\/11\/yule2-768x768.jpeg 768w, http:\/\/alejand7-cp5020.wordpresstemporal.com\/miriamesteve.com\/wp-content\/uploads\/2023\/11\/yule2.jpeg 1080w\" sizes=\"(max-width: 1024px) 100vw, 1024px\" \/><\/figure><\/li><\/ul><\/figure>\n\n\n\n<p>*****************************************<\/p>\n\n\n\n<h2 class=\"wp-block-heading\">\u2728<strong>Sobre la comunidad CONECTADAS:<\/strong><\/h2>\n\n\n\n<p>Somos una comunidad de mujeres con magia, que desean empoderarse, conectarse,&nbsp; y autorrealizarse m\u00e1s para ser capaces de descubrir su prop\u00f3sito de vida y de manifestar su magia \u00fanica en todos los aspectos de su vida.<\/p>\n\n\n\n<p>Si te sientes m\u00e1gica y merecedora de todo lo que deseas, hablas espa\u00f1ol y vives en Alemania, \u00a1esto es para ti y te estamos esperando!<\/p>\n\n\n\n<p>*****************************************<\/p>\n\n\n\n<h2 class=\"wp-block-heading\">\u2728<strong>Eventos de la comunidad CONECTADAS:<\/strong><\/h2>\n\n\n\n<p>La finalidad de esta comunidad es crear eventos donde proporcionar un espacio seguro y enriquecedor donde las mujeres puedan conectar con su magia interior, explorar su potencial, compartir conocimientos y expandir su red de apoyo y amistades m\u00e1gicas de una manera aut\u00e9ntica, divertida y creativa.<\/p>\n\n\n\n<p>A trav\u00e9s de actividades l\u00fadicas y creativas, conversaciones significativas y pr\u00e1cticas espirituales, crearemos una comunidad vibrante, donde aprender, compartir, inspirarse, empoderarse mutuamente y divertirse mientras nos embarcamos en un viaje y transformaci\u00f3n de crecimiento personal y espiritual.<\/p>\n\n\n\n<p>*****************************************<\/p>\n\n\n\n<h2 class=\"wp-block-heading\"><strong>Nuestros Valores:<\/strong><\/h2>\n\n\n\n<p>En esta comunidad es muy importante:<\/p>\n\n\n\n<p>1.&nbsp;&nbsp;&nbsp;&nbsp;&nbsp;&nbsp;&nbsp;&nbsp; Autenticidad: Nos gusta promover la autenticidad en todas las \u00e1reas de la vida, alentando a las mujeres a conectarse con su verdadero yo y la fuerza de nuestras ancestras m\u00e1gicas y expresarlo sin miedo.<\/p>\n\n\n\n<p>2.&nbsp;&nbsp;&nbsp;&nbsp;&nbsp;&nbsp;&nbsp;&nbsp; Empoderamiento: Queremos inspirar y brindar herramientas, conocimientos y experiencias que empoderen a las mujeres para que descubran su propio poder interior y se conviertan en agentes de cambio en sus vidas y en el mundo.<\/p>\n\n\n\n<p>3.&nbsp;&nbsp;&nbsp;&nbsp;&nbsp;&nbsp;&nbsp;&nbsp; Comunidad: deseamos crear una comunidad de mujeres de habla hispana en Alemania donde compartir sus experiencias, aprender juntas y crecer en un ambiente de confianza y respeto sobre temas de crecimiento personal, espiritualidad y m\u00edstico.<\/p>\n\n\n\n<p>4.&nbsp;&nbsp;&nbsp;&nbsp;&nbsp;&nbsp;&nbsp;&nbsp; Diversi\u00f3n: no olvidaremos integrar la diversi\u00f3n y el entretenimiento en el proceso, utilizando m\u00e9todos creativos y actividades de ocio para abordar todos estos temas de la manera m\u00e1s disfrutona.<\/p>\n\n\n\n<p>*****************************************<\/p>\n\n\n\n<h2 class=\"wp-block-heading\">\u2728<strong>Sobre <a href=\"https:\/\/www.instagram.com\/miriam_esteve_\/\">Miriam Esteve<\/a>:<\/strong><\/h2>\n\n\n\n<p>Multiapasionada, creativa, expat espa\u00f1ola viviendo en N\u00faremberg,&nbsp; yogui, mam\u00e1 de 2, social&nbsp; y conectora de personas.<\/p>\n\n\n\n<p>Desde hace casi 20 a\u00f1os creadora de mi propia vida: he pasado de la ingenier\u00eda al mundo creativo, y ahora ando de lleno metida en el crecimiento personal y espiritual.<\/p>\n\n\n\n<p>Me encanta comunicar y por eso tengo un podcast donde te cuento todo lo que \u201cME Motiva\u201d &#8211; y as\u00ed mismo se llama.<\/p>\n\n\n\n<p>Eneatipo 7: Soy la fiesta padre, la alegr\u00eda de la huerta. Me gusta m\u00e1s un evento y la gente que a un ni\u00f1o (o a m\u00ed) un chocolate.<\/p>\n\n\n\n<p>Sol, luna, Ascendente a piscis en casa 12: La espiritualidad, la magia y lo oculto corre por mis venas y me hace vibrar. A veces olvido donde he puesto las llaves, pero eso es natural en m\u00ed, soy todo pez, y por eso mi h\u00e1bitat es cerca del agua.<\/p>\n\n\n\n<p>Me encantan las estrellas y los planetas, la luna y su energ\u00eda y todo lo que el Universo tiene para m\u00ed. Muy fan de mi or\u00e1culo. En ocasiones siento \u201ccosas\u201d.<\/p>\n\n\n\n<p>Hace unos meses en una meditaci\u00f3n visualic\u00e9 esta comunidad. Y ahora se hace realidad el proyecto que une TODO lo que soy y esto me hace realmente feliz.<\/p>\n\n\n\n<p>Lo que m\u00e1s me entusiasma de todo esto es poder conectar con mujeres que vibren en mi misma frecuencia, inspirarnos mutuamente y compartir momentos \u00fanicos y M\u00c1GICOS.<\/p>\n","protected":false},"excerpt":{"rendered":"<p>\ud83e\udd79 Despu\u00e9s del \u00e9xito de la 2\u00b0 quedada de la comunidad Conectadas, estoy feliz de anunciar la TERCERA QUEDADA OFICIAL, centrandonos en la tradicion celta de YULE, donde las mujeres hispanohablantes de la zona de N\u00faremberg que se sientan m\u00e1gicas pueden unirse para CRECER, CONECTAR y DIVERTIRSE. \u00bfQu\u00e9 es Yule? Enlazando este evento con el&hellip;<\/p>\n","protected":false},"author":2,"featured_media":1164,"comment_status":"open","ping_status":"open","sticky":false,"template":"","format":"standard","meta":{"footnotes":""},"categories":[5,22,21],"tags":[],"class_list":["post-1163","post","type-post","status-publish","format-standard","has-post-thumbnail","hentry","category-crecimiento","category-espiritualidad","category-eventos-presenciales"],"yoast_head":"<!-- This site is optimized with the Yoast SEO plugin v26.9 - https:\/\/yoast.com\/product\/yoast-seo-wordpress\/ -->\n<title>Afterwork M\u00e1gico en Yule - Tercera quedada de la comunidad Conectadas - Miriam Esteve<\/title>\n<meta name=\"description\" content=\"info del afterwork megico y creativo por Yule el 30.11.23 en la para mujeres hispanohablantes en roestkaffee\" \/>\n<meta name=\"robots\" content=\"index, follow, max-snippet:-1, max-image-preview:large, max-video-preview:-1\" \/>\n<link rel=\"canonical\" href=\"https:\/\/miriamesteve.com\/afterwork-yule-tercera-quedada-magica-comunidad-conectadas\/\" \/>\n<meta property=\"og:locale\" content=\"es_ES\" \/>\n<meta property=\"og:type\" content=\"article\" \/>\n<meta property=\"og:title\" content=\"Afterwork M\u00e1gico en Yule - Tercera quedada de la comunidad Conectadas - Miriam Esteve\" \/>\n<meta property=\"og:description\" content=\"info del afterwork megico y creativo por Yule el 30.11.23 en la para mujeres hispanohablantes en roestkaffee\" \/>\n<meta property=\"og:url\" content=\"https:\/\/miriamesteve.com\/afterwork-yule-tercera-quedada-magica-comunidad-conectadas\/\" \/>\n<meta property=\"og:site_name\" content=\"Miriam Esteve\" \/>\n<meta property=\"article:published_time\" content=\"2023-11-19T19:19:19+00:00\" \/>\n<meta property=\"article:modified_time\" content=\"2023-11-19T19:19:20+00:00\" \/>\n<meta property=\"og:image\" content=\"https:\/\/miriamesteve.com\/wp-content\/uploads\/2023\/11\/yule2.jpeg\" \/>\n\t<meta property=\"og:image:width\" content=\"1080\" \/>\n\t<meta property=\"og:image:height\" content=\"1080\" \/>\n\t<meta property=\"og:image:type\" content=\"image\/jpeg\" \/>\n<meta name=\"author\" content=\"Miriam Esteve\" \/>\n<meta name=\"twitter:card\" content=\"summary_large_image\" \/>\n<meta name=\"twitter:label1\" content=\"Escrito por\" \/>\n\t<meta name=\"twitter:data1\" content=\"Miriam Esteve\" \/>\n\t<meta name=\"twitter:label2\" content=\"Tiempo de lectura\" \/>\n\t<meta name=\"twitter:data2\" content=\"5 minutos\" \/>\n<script type=\"application\/ld+json\" class=\"yoast-schema-graph\">{\"@context\":\"https:\/\/schema.org\",\"@graph\":[{\"@type\":\"Article\",\"@id\":\"https:\/\/miriamesteve.com\/afterwork-yule-tercera-quedada-magica-comunidad-conectadas\/#article\",\"isPartOf\":{\"@id\":\"https:\/\/miriamesteve.com\/afterwork-yule-tercera-quedada-magica-comunidad-conectadas\/\"},\"author\":{\"name\":\"Miriam Esteve\",\"@id\":\"https:\/\/miriamesteve.com\/#\/schema\/person\/9ed09affca396e4c796bdc9911343b16\"},\"headline\":\"Afterwork M\u00e1gico en Yule &#8211; Tercera quedada de la comunidad Conectadas\",\"datePublished\":\"2023-11-19T19:19:19+00:00\",\"dateModified\":\"2023-11-19T19:19:20+00:00\",\"mainEntityOfPage\":{\"@id\":\"https:\/\/miriamesteve.com\/afterwork-yule-tercera-quedada-magica-comunidad-conectadas\/\"},\"wordCount\":1024,\"commentCount\":0,\"publisher\":{\"@id\":\"https:\/\/miriamesteve.com\/#organization\"},\"image\":{\"@id\":\"https:\/\/miriamesteve.com\/afterwork-yule-tercera-quedada-magica-comunidad-conectadas\/#primaryimage\"},\"thumbnailUrl\":\"http:\/\/alejand7-cp5020.wordpresstemporal.com\/miriamesteve.com\/wp-content\/uploads\/2023\/11\/yule2.jpeg\",\"articleSection\":[\"Crecimiento\",\"Espiritualidad\",\"Eventos presenciales\"],\"inLanguage\":\"es\",\"potentialAction\":[{\"@type\":\"CommentAction\",\"name\":\"Comment\",\"target\":[\"https:\/\/miriamesteve.com\/afterwork-yule-tercera-quedada-magica-comunidad-conectadas\/#respond\"]}]},{\"@type\":\"WebPage\",\"@id\":\"https:\/\/miriamesteve.com\/afterwork-yule-tercera-quedada-magica-comunidad-conectadas\/\",\"url\":\"https:\/\/miriamesteve.com\/afterwork-yule-tercera-quedada-magica-comunidad-conectadas\/\",\"name\":\"Afterwork M\u00e1gico en Yule - Tercera quedada de la comunidad Conectadas - Miriam Esteve\",\"isPartOf\":{\"@id\":\"https:\/\/miriamesteve.com\/#website\"},\"primaryImageOfPage\":{\"@id\":\"https:\/\/miriamesteve.com\/afterwork-yule-tercera-quedada-magica-comunidad-conectadas\/#primaryimage\"},\"image\":{\"@id\":\"https:\/\/miriamesteve.com\/afterwork-yule-tercera-quedada-magica-comunidad-conectadas\/#primaryimage\"},\"thumbnailUrl\":\"http:\/\/alejand7-cp5020.wordpresstemporal.com\/miriamesteve.com\/wp-content\/uploads\/2023\/11\/yule2.jpeg\",\"datePublished\":\"2023-11-19T19:19:19+00:00\",\"dateModified\":\"2023-11-19T19:19:20+00:00\",\"description\":\"info del afterwork megico y creativo por Yule el 30.11.23 en la para mujeres hispanohablantes en roestkaffee\",\"breadcrumb\":{\"@id\":\"https:\/\/miriamesteve.com\/afterwork-yule-tercera-quedada-magica-comunidad-conectadas\/#breadcrumb\"},\"inLanguage\":\"es\",\"potentialAction\":[{\"@type\":\"ReadAction\",\"target\":[\"https:\/\/miriamesteve.com\/afterwork-yule-tercera-quedada-magica-comunidad-conectadas\/\"]}]},{\"@type\":\"ImageObject\",\"inLanguage\":\"es\",\"@id\":\"https:\/\/miriamesteve.com\/afterwork-yule-tercera-quedada-magica-comunidad-conectadas\/#primaryimage\",\"url\":\"http:\/\/alejand7-cp5020.wordpresstemporal.com\/miriamesteve.com\/wp-content\/uploads\/2023\/11\/yule2.jpeg\",\"contentUrl\":\"http:\/\/alejand7-cp5020.wordpresstemporal.com\/miriamesteve.com\/wp-content\/uploads\/2023\/11\/yule2.jpeg\",\"width\":1080,\"height\":1080},{\"@type\":\"BreadcrumbList\",\"@id\":\"https:\/\/miriamesteve.com\/afterwork-yule-tercera-quedada-magica-comunidad-conectadas\/#breadcrumb\",\"itemListElement\":[{\"@type\":\"ListItem\",\"position\":1,\"name\":\"Portada\",\"item\":\"https:\/\/miriamesteve.com\/\"},{\"@type\":\"ListItem\",\"position\":2,\"name\":\"Afterwork M\u00e1gico en Yule &#8211; Tercera quedada de la comunidad Conectadas\"}]},{\"@type\":\"WebSite\",\"@id\":\"https:\/\/miriamesteve.com\/#website\",\"url\":\"https:\/\/miriamesteve.com\/\",\"name\":\"Miriam Esteve\",\"description\":\"Creatividad,motivaci\u00f3n y productividad\",\"publisher\":{\"@id\":\"https:\/\/miriamesteve.com\/#organization\"},\"potentialAction\":[{\"@type\":\"SearchAction\",\"target\":{\"@type\":\"EntryPoint\",\"urlTemplate\":\"https:\/\/miriamesteve.com\/?s={search_term_string}\"},\"query-input\":{\"@type\":\"PropertyValueSpecification\",\"valueRequired\":true,\"valueName\":\"search_term_string\"}}],\"inLanguage\":\"es\"},{\"@type\":\"Organization\",\"@id\":\"https:\/\/miriamesteve.com\/#organization\",\"name\":\"Miriam Esteve\",\"url\":\"https:\/\/miriamesteve.com\/\",\"logo\":{\"@type\":\"ImageObject\",\"inLanguage\":\"es\",\"@id\":\"https:\/\/miriamesteve.com\/#\/schema\/logo\/image\/\",\"url\":\"http:\/\/alejand7-cp5020.wordpresstemporal.com\/miriamesteve.com\/wp-content\/uploads\/2020\/07\/cropped-favico_logo_miriam-2-1.png\",\"contentUrl\":\"http:\/\/alejand7-cp5020.wordpresstemporal.com\/miriamesteve.com\/wp-content\/uploads\/2020\/07\/cropped-favico_logo_miriam-2-1.png\",\"width\":32,\"height\":32,\"caption\":\"Miriam Esteve\"},\"image\":{\"@id\":\"https:\/\/miriamesteve.com\/#\/schema\/logo\/image\/\"}},{\"@type\":\"Person\",\"@id\":\"https:\/\/miriamesteve.com\/#\/schema\/person\/9ed09affca396e4c796bdc9911343b16\",\"name\":\"Miriam Esteve\",\"image\":{\"@type\":\"ImageObject\",\"inLanguage\":\"es\",\"@id\":\"https:\/\/miriamesteve.com\/#\/schema\/person\/image\/\",\"url\":\"https:\/\/secure.gravatar.com\/avatar\/c033b994b71ab1d40bb01f4e92c926e6fe3753c2999e62ff3f5659f62c17bd6a?s=96&d=mm&r=g\",\"contentUrl\":\"https:\/\/secure.gravatar.com\/avatar\/c033b994b71ab1d40bb01f4e92c926e6fe3753c2999e62ff3f5659f62c17bd6a?s=96&d=mm&r=g\",\"caption\":\"Miriam Esteve\"},\"url\":\"http:\/\/alejand7-cp5020.wordpresstemporal.com\/miriamesteve.com\/author\/miriam\/\"}]}<\/script>\n<!-- \/ Yoast SEO plugin. -->","yoast_head_json":{"title":"Afterwork M\u00e1gico en Yule - Tercera quedada de la comunidad Conectadas - Miriam Esteve","description":"info del afterwork megico y creativo por Yule el 30.11.23 en la para mujeres hispanohablantes en roestkaffee","robots":{"index":"index","follow":"follow","max-snippet":"max-snippet:-1","max-image-preview":"max-image-preview:large","max-video-preview":"max-video-preview:-1"},"canonical":"https:\/\/miriamesteve.com\/afterwork-yule-tercera-quedada-magica-comunidad-conectadas\/","og_locale":"es_ES","og_type":"article","og_title":"Afterwork M\u00e1gico en Yule - Tercera quedada de la comunidad Conectadas - Miriam Esteve","og_description":"info del afterwork megico y creativo por Yule el 30.11.23 en la para mujeres hispanohablantes en roestkaffee","og_url":"https:\/\/miriamesteve.com\/afterwork-yule-tercera-quedada-magica-comunidad-conectadas\/","og_site_name":"Miriam Esteve","article_published_time":"2023-11-19T19:19:19+00:00","article_modified_time":"2023-11-19T19:19:20+00:00","og_image":[{"width":1080,"height":1080,"url":"https:\/\/miriamesteve.com\/wp-content\/uploads\/2023\/11\/yule2.jpeg","type":"image\/jpeg"}],"author":"Miriam Esteve","twitter_card":"summary_large_image","twitter_misc":{"Escrito por":"Miriam Esteve","Tiempo de lectura":"5 minutos"},"schema":{"@context":"https:\/\/schema.org","@graph":[{"@type":"Article","@id":"https:\/\/miriamesteve.com\/afterwork-yule-tercera-quedada-magica-comunidad-conectadas\/#article","isPartOf":{"@id":"https:\/\/miriamesteve.com\/afterwork-yule-tercera-quedada-magica-comunidad-conectadas\/"},"author":{"name":"Miriam Esteve","@id":"https:\/\/miriamesteve.com\/#\/schema\/person\/9ed09affca396e4c796bdc9911343b16"},"headline":"Afterwork M\u00e1gico en Yule &#8211; Tercera quedada de la comunidad Conectadas","datePublished":"2023-11-19T19:19:19+00:00","dateModified":"2023-11-19T19:19:20+00:00","mainEntityOfPage":{"@id":"https:\/\/miriamesteve.com\/afterwork-yule-tercera-quedada-magica-comunidad-conectadas\/"},"wordCount":1024,"commentCount":0,"publisher":{"@id":"https:\/\/miriamesteve.com\/#organization"},"image":{"@id":"https:\/\/miriamesteve.com\/afterwork-yule-tercera-quedada-magica-comunidad-conectadas\/#primaryimage"},"thumbnailUrl":"http:\/\/alejand7-cp5020.wordpresstemporal.com\/miriamesteve.com\/wp-content\/uploads\/2023\/11\/yule2.jpeg","articleSection":["Crecimiento","Espiritualidad","Eventos presenciales"],"inLanguage":"es","potentialAction":[{"@type":"CommentAction","name":"Comment","target":["https:\/\/miriamesteve.com\/afterwork-yule-tercera-quedada-magica-comunidad-conectadas\/#respond"]}]},{"@type":"WebPage","@id":"https:\/\/miriamesteve.com\/afterwork-yule-tercera-quedada-magica-comunidad-conectadas\/","url":"https:\/\/miriamesteve.com\/afterwork-yule-tercera-quedada-magica-comunidad-conectadas\/","name":"Afterwork M\u00e1gico en Yule - Tercera quedada de la comunidad Conectadas - Miriam Esteve","isPartOf":{"@id":"https:\/\/miriamesteve.com\/#website"},"primaryImageOfPage":{"@id":"https:\/\/miriamesteve.com\/afterwork-yule-tercera-quedada-magica-comunidad-conectadas\/#primaryimage"},"image":{"@id":"https:\/\/miriamesteve.com\/afterwork-yule-tercera-quedada-magica-comunidad-conectadas\/#primaryimage"},"thumbnailUrl":"http:\/\/alejand7-cp5020.wordpresstemporal.com\/miriamesteve.com\/wp-content\/uploads\/2023\/11\/yule2.jpeg","datePublished":"2023-11-19T19:19:19+00:00","dateModified":"2023-11-19T19:19:20+00:00","description":"info del afterwork megico y creativo por Yule el 30.11.23 en la para mujeres hispanohablantes en roestkaffee","breadcrumb":{"@id":"https:\/\/miriamesteve.com\/afterwork-yule-tercera-quedada-magica-comunidad-conectadas\/#breadcrumb"},"inLanguage":"es","potentialAction":[{"@type":"ReadAction","target":["https:\/\/miriamesteve.com\/afterwork-yule-tercera-quedada-magica-comunidad-conectadas\/"]}]},{"@type":"ImageObject","inLanguage":"es","@id":"https:\/\/miriamesteve.com\/afterwork-yule-tercera-quedada-magica-comunidad-conectadas\/#primaryimage","url":"http:\/\/alejand7-cp5020.wordpresstemporal.com\/miriamesteve.com\/wp-content\/uploads\/2023\/11\/yule2.jpeg","contentUrl":"http:\/\/alejand7-cp5020.wordpresstemporal.com\/miriamesteve.com\/wp-content\/uploads\/2023\/11\/yule2.jpeg","width":1080,"height":1080},{"@type":"BreadcrumbList","@id":"https:\/\/miriamesteve.com\/afterwork-yule-tercera-quedada-magica-comunidad-conectadas\/#breadcrumb","itemListElement":[{"@type":"ListItem","position":1,"name":"Portada","item":"https:\/\/miriamesteve.com\/"},{"@type":"ListItem","position":2,"name":"Afterwork M\u00e1gico en Yule &#8211; Tercera quedada de la comunidad Conectadas"}]},{"@type":"WebSite","@id":"https:\/\/miriamesteve.com\/#website","url":"https:\/\/miriamesteve.com\/","name":"Miriam Esteve","description":"Creatividad,motivaci\u00f3n y productividad","publisher":{"@id":"https:\/\/miriamesteve.com\/#organization"},"potentialAction":[{"@type":"SearchAction","target":{"@type":"EntryPoint","urlTemplate":"https:\/\/miriamesteve.com\/?s={search_term_string}"},"query-input":{"@type":"PropertyValueSpecification","valueRequired":true,"valueName":"search_term_string"}}],"inLanguage":"es"},{"@type":"Organization","@id":"https:\/\/miriamesteve.com\/#organization","name":"Miriam Esteve","url":"https:\/\/miriamesteve.com\/","logo":{"@type":"ImageObject","inLanguage":"es","@id":"https:\/\/miriamesteve.com\/#\/schema\/logo\/image\/","url":"http:\/\/alejand7-cp5020.wordpresstemporal.com\/miriamesteve.com\/wp-content\/uploads\/2020\/07\/cropped-favico_logo_miriam-2-1.png","contentUrl":"http:\/\/alejand7-cp5020.wordpresstemporal.com\/miriamesteve.com\/wp-content\/uploads\/2020\/07\/cropped-favico_logo_miriam-2-1.png","width":32,"height":32,"caption":"Miriam Esteve"},"image":{"@id":"https:\/\/miriamesteve.com\/#\/schema\/logo\/image\/"}},{"@type":"Person","@id":"https:\/\/miriamesteve.com\/#\/schema\/person\/9ed09affca396e4c796bdc9911343b16","name":"Miriam Esteve","image":{"@type":"ImageObject","inLanguage":"es","@id":"https:\/\/miriamesteve.com\/#\/schema\/person\/image\/","url":"https:\/\/secure.gravatar.com\/avatar\/c033b994b71ab1d40bb01f4e92c926e6fe3753c2999e62ff3f5659f62c17bd6a?s=96&d=mm&r=g","contentUrl":"https:\/\/secure.gravatar.com\/avatar\/c033b994b71ab1d40bb01f4e92c926e6fe3753c2999e62ff3f5659f62c17bd6a?s=96&d=mm&r=g","caption":"Miriam Esteve"},"url":"http:\/\/alejand7-cp5020.wordpresstemporal.com\/miriamesteve.com\/author\/miriam\/"}]}},"_links":{"self":[{"href":"http:\/\/alejand7-cp5020.wordpresstemporal.com\/miriamesteve.com\/wp-json\/wp\/v2\/posts\/1163","targetHints":{"allow":["GET"]}}],"collection":[{"href":"http:\/\/alejand7-cp5020.wordpresstemporal.com\/miriamesteve.com\/wp-json\/wp\/v2\/posts"}],"about":[{"href":"http:\/\/alejand7-cp5020.wordpresstemporal.com\/miriamesteve.com\/wp-json\/wp\/v2\/types\/post"}],"author":[{"embeddable":true,"href":"http:\/\/alejand7-cp5020.wordpresstemporal.com\/miriamesteve.com\/wp-json\/wp\/v2\/users\/2"}],"replies":[{"embeddable":true,"href":"http:\/\/alejand7-cp5020.wordpresstemporal.com\/miriamesteve.com\/wp-json\/wp\/v2\/comments?post=1163"}],"version-history":[{"count":2,"href":"http:\/\/alejand7-cp5020.wordpresstemporal.com\/miriamesteve.com\/wp-json\/wp\/v2\/posts\/1163\/revisions"}],"predecessor-version":[{"id":1167,"href":"http:\/\/alejand7-cp5020.wordpresstemporal.com\/miriamesteve.com\/wp-json\/wp\/v2\/posts\/1163\/revisions\/1167"}],"wp:featuredmedia":[{"embeddable":true,"href":"http:\/\/alejand7-cp5020.wordpresstemporal.com\/miriamesteve.com\/wp-json\/wp\/v2\/media\/1164"}],"wp:attachment":[{"href":"http:\/\/alejand7-cp5020.wordpresstemporal.com\/miriamesteve.com\/wp-json\/wp\/v2\/media?parent=1163"}],"wp:term":[{"taxonomy":"category","embeddable":true,"href":"http:\/\/alejand7-cp5020.wordpresstemporal.com\/miriamesteve.com\/wp-json\/wp\/v2\/categories?post=1163"},{"taxonomy":"post_tag","embeddable":true,"href":"http:\/\/alejand7-cp5020.wordpresstemporal.com\/miriamesteve.com\/wp-json\/wp\/v2\/tags?post=1163"}],"curies":[{"name":"wp","href":"https:\/\/api.w.org\/{rel}","templated":true}]}}