{"id":1005,"date":"2021-06-17T21:44:31","date_gmt":"2021-06-17T21:44:31","guid":{"rendered":"https:\/\/miriamesteve.com\/?p=1005"},"modified":"2021-07-05T19:34:58","modified_gmt":"2021-07-05T19:34:58","slug":"ideas-autocuidado","status":"publish","type":"post","link":"http:\/\/alejand7-cp5020.wordpresstemporal.com\/miriamesteve.com\/ideas-autocuidado\/","title":{"rendered":"Ideas de Autocuidado y Autoamor"},"content":{"rendered":"\n<p>En esta lista ir\u00e9 a\u00f1adiendo todas las ideas que tenga para mi reto de <a href=\"https:\/\/www.instagram.com\/p\/CP0vfr8Kz3c\/\">100 d\u00edas de ME Motiva<\/a> de autocuidado y autoamor de cuerpo, mente, energ\u00eda y emociones<\/p>\n\n\n\n<ol class=\"wp-block-list\" type=\"1\"><li>Crear el reto<\/li><li>Crear el plan y roadmap<\/li><li>Crear el calendario de h\u00e1bitos (habit tracker)<\/li><li>Crear preguntas para journaling diario<\/li><li>Dormir pronto, cuando tenga sue\u00f1o<\/li><li>Siesta sin despertador<\/li><li>Dormir hasta q no puedas m\u00e1s (y que tus hijos te dejen de verdad)<\/li><li>Practicar Niksen<\/li><li>Paseo consciente<\/li><li>Peluquer\u00eda<\/li><li>U\u00f1as en centro est\u00e9tica (manicura o pedicura)<\/li><li>Masaje relajante<\/li><li>Mascarilla cara<\/li><li>Tratamiento cabello<\/li><li>Limpieza dental<\/li><li>Aprender nuevo paso de baile<\/li><li>Aprender una mini coreograf\u00eda<\/li><li>Practicar tipo de baile<\/li><li>Aprender nueva postura yoga<\/li><li>Practicar de una postura complicada de yoga<\/li><li>Calendario de comida semanal o mensual<\/li><li>Batch cooking<\/li><li>Despensa saludable (Gracias a @larc07)<\/li><li>Ir al Fisio<\/li><li>Masaje tailand\u00e9s<\/li><li>Pintarme u\u00f1as<\/li><li>Embadurnarme de crema conscientemente<\/li><li>Tomar sol<\/li><li>Releer un libro que me encante<\/li><li>Empezar un libro pendiente<\/li><li>Escuchar un podcast motivador y tomar una acci\u00f3n al menos<\/li><li>Escritura consciente<\/li><li>Escribirle una carta a mi yo pasado<\/li><li>Escribirle una carta a alguien del pasado con el que \u201ctengo algo pendiente\u201d<\/li><li>Planear ruta para el pr\u00f3ximo viaje (restaurantes, sitios instagrameables, donde van los no turistas&#8230;) (Gracias a @larc07)<\/li><li>Journaling tem\u00e1tico, de esta manera siempre tendr\u00e9 de que escribir. Por ejemplo experiencia en cada uno de los 100 d\u00edas de trabajo en tu salud f\u00edsica y mental. Y vas anotando cada d\u00eda qu\u00e9 hiciste para ese \u201creto\u201d te planteas preguntas c\u00f3mo: \u00bfqu\u00e9 tan f\u00e1cil o dif\u00edcil fue la actividad de hoy? \u00bfC\u00f3mo me hizo sentir?\u00bfcon qu\u00e9 emoci\u00f3n llegu\u00e9 a a hacer el ejercicio y con cu\u00e1l emoci\u00f3n sal\u00ed? \u00bfHubo alg\u00fan aprendizaje?\u00bfqu\u00e9 he ganado o perdido? Y con estas preguntas de introspecci\u00f3n afloran las letras para tu Journal diario. (gracias a @angielu.coach)<\/li><li>Hacer upcycling, (gracias a @ilianadelao)<\/li><li>Yoga tipos de pr\u00e1cticas-aprender y practicar Vingnasa<\/li><li>Yoga tipos de pr\u00e1cticas-aprender y practicar Hatha<\/li><li>Yoga tipos de pr\u00e1cticas-aprender y practicar Asthanga<\/li><li>Yoga tipos de pr\u00e1cticas-aprender y practicar Kundalini<\/li><li>Yoga tipos de pr\u00e1cticas-aprender y practicar Yoga Nidra<\/li><li>108 saludos al sol<\/li><li>Yoga Meditaci\u00f3n -Chacras -aprender y practicar<\/li><li>Meditaci\u00f3n t\u00e1ntrica -aprender y practicar<\/li><li>Meditaci\u00f3n &#8211; Mindfulness &#8211; t\u00e9cnica de la anotaci\u00f3n mental -aprender y practicar<\/li><li>Respiraci\u00f3n del oc\u00e9ano &#8211; Ujjayi<\/li><li>Meditaci\u00f3n \u2013 Mindfulness a trav\u00e9s de diferentes tipos de concentraci\u00f3n -aprender y practicar<\/li><li>Meditaci\u00f3n &#8211; Equilibra tu sistema nervioso con la respiraci\u00f3n alterna -aprender y practicar<\/li><li>Meditaci\u00f3n &#8211; Mantras como herramientas para la concentraci\u00f3n -aprender y practicar<\/li><li>Meditaci\u00f3n &#8211; Mudras: sellando la meditaci\u00f3n con las manos-aprender y practicar<\/li><li>Meditaci\u00f3n &#8211; \u00a0Zen. -aprender y practicar<\/li><li>Meditaci\u00f3n &#8211; Metta -aprender y practicar<\/li><li>Ba\u00f1os relajante de espuma<\/li><li>Ponerme pesta\u00f1as postizas<\/li><li>Aprender frases \u00fatiles en otro idioma (gracias a @ilianadelao)<\/li><li>Probar la eficacia de los aceites esenciales<\/li><li>Bailar m\u00fasicas del mundo (gracias a @ilianadelao)<\/li><li>Cocinar recetas del mundo- thai<\/li><li>Cocinar recetas del mundo- Vietnam<\/li><li>Cocinar recetas del mundo- M\u00e9xico<\/li><li>Cocinar recetas del mundo- Espa\u00f1a<\/li><li>Cocinar recetas del mundo- Italia<\/li><li>Hacerme un batido rico<\/li><li>Hacerme una bebida rica como el jugo de ma\u00f1ana y jengibre vietnamita<\/li><li>Dibujar- \u00a0doodling<\/li><li>Lettering<\/li><li>Escribir una poes\u00eda (gracias a @ilianadelao)<\/li><li>Lista de amigos vitamina con los que no quiero perder contacto<\/li><li>Llamar a alguien de la lista<\/li><li>Tirar \/donar algo que no necesito, practicar abundancia<\/li><li>Hacer un postre rico y saludable<\/li><li>Cuidar el impacto de mis acciones hacia el entorno:\u00a0\u00a0conecta con la naturaleza, consume responsablemente, recicla<\/li><li>No comer carne por un d\u00eda<\/li><li>No comer carne una semana.<\/li><li>No comer gluten por un d\u00eda<\/li><li>No comer gluten una semana.<\/li><li>Trabajar sobre mi imagen personal<\/li><li>Saber cual es mi estilo de imagen y reorganizar mi armario<\/li><li>Armario capsula<\/li><li>Ser ejemplo en algo en concreto para mis hijas<\/li><li>Irme de vacaciones<\/li><li>Desconectar de m\u00f3vil un d\u00eda a la semana<\/li><li>Desconectar de redes por un d\u00eda<\/li><li>Desconectar de redes por una semana<\/li><li>Uso controlado y consciente de las redes<\/li><li>Paseo o d\u00eda por lago<\/li><li>Paseo en bici<\/li><li>Paseo descalza por arena consciente<\/li><li>Ver un atardecer<\/li><li>Decir NO<\/li><li>Poner limites<\/li><li>Escuchar las se\u00f1ales de mi cuerpo, parar, observar, sentir, aceptar, agradecer y dejar ir.<\/li><li>Valorar mis logros<\/li><li>Valorar mis cualidades a destacar<\/li><li>Escuchar se\u00f1al del universo y sincronicidades<\/li><li>Ser autentica.<\/li><li>Hacer caso a la intuici\u00f3n<\/li><li>Releerme un libro que me encant\u00f3.<\/li><li>Decirme lo que yo le dir\u00eda a una amiga si fuera yo.<\/li><li>Wha-sa -piedra de masaje de cara (Gracias a @larc07)<\/li><li>Tapping<\/li><li>Dibujar, pintar, manchar o lo que se tercie.(gracias @trazosdeestrella)<\/li><li>Atenci\u00f3n plena. Ya sea pintando. Ya sea jugando con los ni\u00f1os. .(gracias @trazosdeestrella)<\/li><li>Hacer el salvaje con los ni\u00f1os (gracias @trazosdeestrella)<\/li><li>Escribir.(gracias @trazosdeestrella)<\/li><li>No hacer nada de nada de nada y estar tumbado con los ojos cerrados y escuchar los sonidos.(gracias @trazosdeestrella)<\/li><li>Brunch<\/li><li>Aperol con las amigas.(gracias @trazosdeestrella)<\/li><li>Sexo!!! Y si no un Satisfier.(gracias @trazosdeestrella)<\/li><li>Que un d\u00eda sea realmente anti productivo.(gracias @trazosdeestrella y @olaya_peral)<\/li><li>Flexoterapia.(gracias @trazosdeestrella)<\/li><li>Ejercicios de Kegel <\/li><li>Suelo p\u00e9lvico.(gracias @trazosdeestrella)<\/li><li>Hipopresivos. (gracias @trazosdeestrella)<\/li><li>Pilates para el Core. (gracias @trazosdeestrella)<\/li><li>Ejercicios de fortalecimiento de cadera y lumbar<\/li><li>Ejercicios de fortalecimiento de brazos<\/li><li>Limpieza facial profesional con masaje incluido.(gracias @trazosdeestrella)<\/li><li>Echarme aceite de coco en la cabeza.(gracias @trazosdeestrella)<\/li><li>Ir a un Spa<\/li><li>Ir a una Therma<\/li><li>Hacerme una sesi\u00f3n de autoretrato<\/li><li>Pintar mandala<\/li><li>Pintar acuarela<\/li><li>Aprender a usar tableta grafica<\/li><li>Aprender a ilustrar algo sencillo<\/li><li>Comprar comida bio<\/li><li>Comida con amigos<\/li><li>Hacer una receta que me recuerde a mis or\u00edgenes\/hogar- empanadilla, paella, croquetas\u2026<\/li><li>Un tatoo (Gracias a @larc07)<\/li><li>Ver mi pel\u00edcula favorita<\/li><li>Ver mi serie favorita<\/li><li>Comida mindfullnes-Eatfullnes<\/li><li>elegir cursos del <a href=\"https:\/\/www.instagram.com\/thebundleco.es\/\">Bundle <\/a>que me faltan y apuntarme para hacerlos-planificarlos<\/li><li>Masaje con black roll<\/li><li>descanso sobre alfombra de acupresi\u00f3n<\/li><li>NEXT?<\/li><\/ol>\n\n\n\n<p><\/p>\n\n\n\n<p>EL yoga lo estoy practicando en la plataforma de<a href=\"https:\/\/studio.xuanlanyoga.com\/\"> Xuan Lan<\/a><\/p>\n\n\n\n<p>La meditaci\u00f3n a trav\u00e9s del curso de Ana (d<a href=\"https:\/\/divinadelamente.com\/\">ivina de la mente<\/a>) que inclu\u00eda el <a href=\"https:\/\/www.instagram.com\/thebundleco.es\/\">Bundle<\/a> del 2020.<\/p>\n\n\n\n<p>El baile lo estoy practicando en la plataforma <a href=\"https:\/\/www.steezy.co\/\">steezy<\/a><\/p>\n\n\n\n<p>Algunas ideas son de algunas personas que me ha ayudado a completar la lista. Si tu tambi\u00e9n quieres participar, env\u00edamelas por aqu\u00ed, privado, email o redes sociales y las a\u00f1adir\u00e9 sin dudarlo!<\/p>\n","protected":false},"excerpt":{"rendered":"<p>En esta lista ir\u00e9 a\u00f1adiendo todas las ideas que tenga para mi reto de 100 d\u00edas de ME Motiva de autocuidado y autoamor de cuerpo, mente, energ\u00eda y emociones Crear el reto Crear el plan y roadmap Crear el calendario de h\u00e1bitos (habit tracker) Crear preguntas para journaling diario Dormir pronto, cuando tenga sue\u00f1o Siesta&hellip;<\/p>\n","protected":false},"author":2,"featured_media":0,"comment_status":"open","ping_status":"open","sticky":false,"template":"","format":"standard","meta":{"footnotes":""},"categories":[8],"tags":[],"class_list":["post-1005","post","type-post","status-publish","format-standard","hentry","category-lo-que-me-motiva"],"yoast_head":"<!-- This site is optimized with the Yoast SEO plugin v26.9 - https:\/\/yoast.com\/product\/yoast-seo-wordpress\/ -->\n<title>Ideas de Autocuidado y Autoamor - Miriam Esteve<\/title>\n<meta name=\"description\" content=\"Lista de todas las ideas para mi reto de 100 d\u00edas de ME Motiva de autocuidado y autoamor de cuerpo, mente, energ\u00eda y emociones\" \/>\n<meta name=\"robots\" content=\"index, follow, max-snippet:-1, max-image-preview:large, max-video-preview:-1\" \/>\n<link rel=\"canonical\" href=\"https:\/\/miriamesteve.com\/ideas-autocuidado\/\" \/>\n<meta property=\"og:locale\" content=\"es_ES\" \/>\n<meta property=\"og:type\" content=\"article\" \/>\n<meta property=\"og:title\" content=\"Ideas de Autocuidado y Autoamor - Miriam Esteve\" \/>\n<meta property=\"og:description\" content=\"Lista de todas las ideas para mi reto de 100 d\u00edas de ME Motiva de autocuidado y autoamor de cuerpo, mente, energ\u00eda y emociones\" \/>\n<meta property=\"og:url\" content=\"https:\/\/miriamesteve.com\/ideas-autocuidado\/\" \/>\n<meta property=\"og:site_name\" content=\"Miriam Esteve\" \/>\n<meta property=\"article:published_time\" content=\"2021-06-17T21:44:31+00:00\" \/>\n<meta property=\"article:modified_time\" content=\"2021-07-05T19:34:58+00:00\" \/>\n<meta name=\"author\" content=\"Miriam Esteve\" \/>\n<meta name=\"twitter:card\" content=\"summary_large_image\" \/>\n<meta name=\"twitter:label1\" content=\"Escrito por\" \/>\n\t<meta name=\"twitter:data1\" content=\"Miriam Esteve\" \/>\n\t<meta name=\"twitter:label2\" content=\"Tiempo de lectura\" \/>\n\t<meta name=\"twitter:data2\" content=\"5 minutos\" \/>\n<script type=\"application\/ld+json\" class=\"yoast-schema-graph\">{\"@context\":\"https:\/\/schema.org\",\"@graph\":[{\"@type\":\"Article\",\"@id\":\"https:\/\/miriamesteve.com\/ideas-autocuidado\/#article\",\"isPartOf\":{\"@id\":\"https:\/\/miriamesteve.com\/ideas-autocuidado\/\"},\"author\":{\"name\":\"Miriam Esteve\",\"@id\":\"https:\/\/miriamesteve.com\/#\/schema\/person\/9ed09affca396e4c796bdc9911343b16\"},\"headline\":\"Ideas de Autocuidado y Autoamor\",\"datePublished\":\"2021-06-17T21:44:31+00:00\",\"dateModified\":\"2021-07-05T19:34:58+00:00\",\"mainEntityOfPage\":{\"@id\":\"https:\/\/miriamesteve.com\/ideas-autocuidado\/\"},\"wordCount\":1081,\"commentCount\":0,\"publisher\":{\"@id\":\"https:\/\/miriamesteve.com\/#organization\"},\"articleSection\":[\"Lo que me motiva\"],\"inLanguage\":\"es\",\"potentialAction\":[{\"@type\":\"CommentAction\",\"name\":\"Comment\",\"target\":[\"https:\/\/miriamesteve.com\/ideas-autocuidado\/#respond\"]}]},{\"@type\":\"WebPage\",\"@id\":\"https:\/\/miriamesteve.com\/ideas-autocuidado\/\",\"url\":\"https:\/\/miriamesteve.com\/ideas-autocuidado\/\",\"name\":\"Ideas de Autocuidado y Autoamor - Miriam Esteve\",\"isPartOf\":{\"@id\":\"https:\/\/miriamesteve.com\/#website\"},\"datePublished\":\"2021-06-17T21:44:31+00:00\",\"dateModified\":\"2021-07-05T19:34:58+00:00\",\"description\":\"Lista de todas las ideas para mi reto de 100 d\u00edas de ME Motiva de autocuidado y autoamor de cuerpo, mente, energ\u00eda y emociones\",\"breadcrumb\":{\"@id\":\"https:\/\/miriamesteve.com\/ideas-autocuidado\/#breadcrumb\"},\"inLanguage\":\"es\",\"potentialAction\":[{\"@type\":\"ReadAction\",\"target\":[\"https:\/\/miriamesteve.com\/ideas-autocuidado\/\"]}]},{\"@type\":\"BreadcrumbList\",\"@id\":\"https:\/\/miriamesteve.com\/ideas-autocuidado\/#breadcrumb\",\"itemListElement\":[{\"@type\":\"ListItem\",\"position\":1,\"name\":\"Portada\",\"item\":\"https:\/\/miriamesteve.com\/\"},{\"@type\":\"ListItem\",\"position\":2,\"name\":\"Ideas de Autocuidado y Autoamor\"}]},{\"@type\":\"WebSite\",\"@id\":\"https:\/\/miriamesteve.com\/#website\",\"url\":\"https:\/\/miriamesteve.com\/\",\"name\":\"Miriam Esteve\",\"description\":\"Creatividad,motivaci\u00f3n y productividad\",\"publisher\":{\"@id\":\"https:\/\/miriamesteve.com\/#organization\"},\"potentialAction\":[{\"@type\":\"SearchAction\",\"target\":{\"@type\":\"EntryPoint\",\"urlTemplate\":\"https:\/\/miriamesteve.com\/?s={search_term_string}\"},\"query-input\":{\"@type\":\"PropertyValueSpecification\",\"valueRequired\":true,\"valueName\":\"search_term_string\"}}],\"inLanguage\":\"es\"},{\"@type\":\"Organization\",\"@id\":\"https:\/\/miriamesteve.com\/#organization\",\"name\":\"Miriam Esteve\",\"url\":\"https:\/\/miriamesteve.com\/\",\"logo\":{\"@type\":\"ImageObject\",\"inLanguage\":\"es\",\"@id\":\"https:\/\/miriamesteve.com\/#\/schema\/logo\/image\/\",\"url\":\"http:\/\/alejand7-cp5020.wordpresstemporal.com\/miriamesteve.com\/wp-content\/uploads\/2020\/07\/cropped-favico_logo_miriam-2-1.png\",\"contentUrl\":\"http:\/\/alejand7-cp5020.wordpresstemporal.com\/miriamesteve.com\/wp-content\/uploads\/2020\/07\/cropped-favico_logo_miriam-2-1.png\",\"width\":32,\"height\":32,\"caption\":\"Miriam Esteve\"},\"image\":{\"@id\":\"https:\/\/miriamesteve.com\/#\/schema\/logo\/image\/\"}},{\"@type\":\"Person\",\"@id\":\"https:\/\/miriamesteve.com\/#\/schema\/person\/9ed09affca396e4c796bdc9911343b16\",\"name\":\"Miriam Esteve\",\"image\":{\"@type\":\"ImageObject\",\"inLanguage\":\"es\",\"@id\":\"https:\/\/miriamesteve.com\/#\/schema\/person\/image\/\",\"url\":\"https:\/\/secure.gravatar.com\/avatar\/c033b994b71ab1d40bb01f4e92c926e6fe3753c2999e62ff3f5659f62c17bd6a?s=96&d=mm&r=g\",\"contentUrl\":\"https:\/\/secure.gravatar.com\/avatar\/c033b994b71ab1d40bb01f4e92c926e6fe3753c2999e62ff3f5659f62c17bd6a?s=96&d=mm&r=g\",\"caption\":\"Miriam Esteve\"},\"url\":\"http:\/\/alejand7-cp5020.wordpresstemporal.com\/miriamesteve.com\/author\/miriam\/\"}]}<\/script>\n<!-- \/ Yoast SEO plugin. -->","yoast_head_json":{"title":"Ideas de Autocuidado y Autoamor - Miriam Esteve","description":"Lista de todas las ideas para mi reto de 100 d\u00edas de ME Motiva de autocuidado y autoamor de cuerpo, mente, energ\u00eda y emociones","robots":{"index":"index","follow":"follow","max-snippet":"max-snippet:-1","max-image-preview":"max-image-preview:large","max-video-preview":"max-video-preview:-1"},"canonical":"https:\/\/miriamesteve.com\/ideas-autocuidado\/","og_locale":"es_ES","og_type":"article","og_title":"Ideas de Autocuidado y Autoamor - Miriam Esteve","og_description":"Lista de todas las ideas para mi reto de 100 d\u00edas de ME Motiva de autocuidado y autoamor de cuerpo, mente, energ\u00eda y emociones","og_url":"https:\/\/miriamesteve.com\/ideas-autocuidado\/","og_site_name":"Miriam Esteve","article_published_time":"2021-06-17T21:44:31+00:00","article_modified_time":"2021-07-05T19:34:58+00:00","author":"Miriam Esteve","twitter_card":"summary_large_image","twitter_misc":{"Escrito por":"Miriam Esteve","Tiempo de lectura":"5 minutos"},"schema":{"@context":"https:\/\/schema.org","@graph":[{"@type":"Article","@id":"https:\/\/miriamesteve.com\/ideas-autocuidado\/#article","isPartOf":{"@id":"https:\/\/miriamesteve.com\/ideas-autocuidado\/"},"author":{"name":"Miriam Esteve","@id":"https:\/\/miriamesteve.com\/#\/schema\/person\/9ed09affca396e4c796bdc9911343b16"},"headline":"Ideas de Autocuidado y Autoamor","datePublished":"2021-06-17T21:44:31+00:00","dateModified":"2021-07-05T19:34:58+00:00","mainEntityOfPage":{"@id":"https:\/\/miriamesteve.com\/ideas-autocuidado\/"},"wordCount":1081,"commentCount":0,"publisher":{"@id":"https:\/\/miriamesteve.com\/#organization"},"articleSection":["Lo que me motiva"],"inLanguage":"es","potentialAction":[{"@type":"CommentAction","name":"Comment","target":["https:\/\/miriamesteve.com\/ideas-autocuidado\/#respond"]}]},{"@type":"WebPage","@id":"https:\/\/miriamesteve.com\/ideas-autocuidado\/","url":"https:\/\/miriamesteve.com\/ideas-autocuidado\/","name":"Ideas de Autocuidado y Autoamor - Miriam Esteve","isPartOf":{"@id":"https:\/\/miriamesteve.com\/#website"},"datePublished":"2021-06-17T21:44:31+00:00","dateModified":"2021-07-05T19:34:58+00:00","description":"Lista de todas las ideas para mi reto de 100 d\u00edas de ME Motiva de autocuidado y autoamor de cuerpo, mente, energ\u00eda y emociones","breadcrumb":{"@id":"https:\/\/miriamesteve.com\/ideas-autocuidado\/#breadcrumb"},"inLanguage":"es","potentialAction":[{"@type":"ReadAction","target":["https:\/\/miriamesteve.com\/ideas-autocuidado\/"]}]},{"@type":"BreadcrumbList","@id":"https:\/\/miriamesteve.com\/ideas-autocuidado\/#breadcrumb","itemListElement":[{"@type":"ListItem","position":1,"name":"Portada","item":"https:\/\/miriamesteve.com\/"},{"@type":"ListItem","position":2,"name":"Ideas de Autocuidado y Autoamor"}]},{"@type":"WebSite","@id":"https:\/\/miriamesteve.com\/#website","url":"https:\/\/miriamesteve.com\/","name":"Miriam Esteve","description":"Creatividad,motivaci\u00f3n y productividad","publisher":{"@id":"https:\/\/miriamesteve.com\/#organization"},"potentialAction":[{"@type":"SearchAction","target":{"@type":"EntryPoint","urlTemplate":"https:\/\/miriamesteve.com\/?s={search_term_string}"},"query-input":{"@type":"PropertyValueSpecification","valueRequired":true,"valueName":"search_term_string"}}],"inLanguage":"es"},{"@type":"Organization","@id":"https:\/\/miriamesteve.com\/#organization","name":"Miriam Esteve","url":"https:\/\/miriamesteve.com\/","logo":{"@type":"ImageObject","inLanguage":"es","@id":"https:\/\/miriamesteve.com\/#\/schema\/logo\/image\/","url":"http:\/\/alejand7-cp5020.wordpresstemporal.com\/miriamesteve.com\/wp-content\/uploads\/2020\/07\/cropped-favico_logo_miriam-2-1.png","contentUrl":"http:\/\/alejand7-cp5020.wordpresstemporal.com\/miriamesteve.com\/wp-content\/uploads\/2020\/07\/cropped-favico_logo_miriam-2-1.png","width":32,"height":32,"caption":"Miriam Esteve"},"image":{"@id":"https:\/\/miriamesteve.com\/#\/schema\/logo\/image\/"}},{"@type":"Person","@id":"https:\/\/miriamesteve.com\/#\/schema\/person\/9ed09affca396e4c796bdc9911343b16","name":"Miriam Esteve","image":{"@type":"ImageObject","inLanguage":"es","@id":"https:\/\/miriamesteve.com\/#\/schema\/person\/image\/","url":"https:\/\/secure.gravatar.com\/avatar\/c033b994b71ab1d40bb01f4e92c926e6fe3753c2999e62ff3f5659f62c17bd6a?s=96&d=mm&r=g","contentUrl":"https:\/\/secure.gravatar.com\/avatar\/c033b994b71ab1d40bb01f4e92c926e6fe3753c2999e62ff3f5659f62c17bd6a?s=96&d=mm&r=g","caption":"Miriam Esteve"},"url":"http:\/\/alejand7-cp5020.wordpresstemporal.com\/miriamesteve.com\/author\/miriam\/"}]}},"_links":{"self":[{"href":"http:\/\/alejand7-cp5020.wordpresstemporal.com\/miriamesteve.com\/wp-json\/wp\/v2\/posts\/1005","targetHints":{"allow":["GET"]}}],"collection":[{"href":"http:\/\/alejand7-cp5020.wordpresstemporal.com\/miriamesteve.com\/wp-json\/wp\/v2\/posts"}],"about":[{"href":"http:\/\/alejand7-cp5020.wordpresstemporal.com\/miriamesteve.com\/wp-json\/wp\/v2\/types\/post"}],"author":[{"embeddable":true,"href":"http:\/\/alejand7-cp5020.wordpresstemporal.com\/miriamesteve.com\/wp-json\/wp\/v2\/users\/2"}],"replies":[{"embeddable":true,"href":"http:\/\/alejand7-cp5020.wordpresstemporal.com\/miriamesteve.com\/wp-json\/wp\/v2\/comments?post=1005"}],"version-history":[{"count":7,"href":"http:\/\/alejand7-cp5020.wordpresstemporal.com\/miriamesteve.com\/wp-json\/wp\/v2\/posts\/1005\/revisions"}],"predecessor-version":[{"id":1024,"href":"http:\/\/alejand7-cp5020.wordpresstemporal.com\/miriamesteve.com\/wp-json\/wp\/v2\/posts\/1005\/revisions\/1024"}],"wp:attachment":[{"href":"http:\/\/alejand7-cp5020.wordpresstemporal.com\/miriamesteve.com\/wp-json\/wp\/v2\/media?parent=1005"}],"wp:term":[{"taxonomy":"category","embeddable":true,"href":"http:\/\/alejand7-cp5020.wordpresstemporal.com\/miriamesteve.com\/wp-json\/wp\/v2\/categories?post=1005"},{"taxonomy":"post_tag","embeddable":true,"href":"http:\/\/alejand7-cp5020.wordpresstemporal.com\/miriamesteve.com\/wp-json\/wp\/v2\/tags?post=1005"}],"curies":[{"name":"wp","href":"https:\/\/api.w.org\/{rel}","templated":true}]}}